{"id":10032,"date":"2020-06-27T12:52:53","date_gmt":"2020-06-27T10:52:53","guid":{"rendered":"https:\/\/www.gepacv.org\/?p=10032"},"modified":"2025-07-24T13:42:47","modified_gmt":"2025-07-24T11:42:47","slug":"el-consell-aprova-lavantprojecte-de-llei-de-regulacio-de-professions-de-lesport-de-la-c-v","status":"publish","type":"post","link":"https:\/\/gepacv.org\/vlc\/el-consell-aprova-lavantprojecte-de-llei-de-regulacio-de-professions-de-lesport-de-la-c-v\/","title":{"rendered":"El Consell aprova l&#8217;Avantprojecte de Llei de regulaci\u00f3 de professions de l&#8217;esport de la C.V."},"content":{"rendered":"\n<p>El <strong>Consell<\/strong>, mitjan\u00e7ant el <strong>Conseller Vicent Marz\u00e0<\/strong>, fa oficial un gran pas que considerem necessari per a la cobertura de la salut dels usuaris de l&#8217;\u00e0mbit esportiu, sent aquest, a m\u00e9s, un tema que est\u00e0 en la majoria de programes esportius dels grups pol\u00edtics que tenen representaci\u00f3 en Les Corts Valencianes.<\/p>\n\n\n\n<p>La que podria ser la futura Llei de professions de l&#8217;esport en la Comunitat  Valenciana \u00e9s la continuaci\u00f3 de la <strong>Disposici\u00f3 Addicional 2a de l&#8217;actual Llei 2\/2011, de 22 de mar\u00e7.<\/strong><\/p>\n\n\n\n<p>Aquesta Llei suposar\u00e0 un important avan\u00e7 en la cobertura del dret a la protecci\u00f3 de la salut en l&#8217;esport de tots els que realitzen activitat esportiva en la Comunitat Valenciana, sumant-nos als ja quasi 33 milions de persones a Espanya que ja disposen d&#8217;aix\u00f2.<\/p>\n\n\n\n<p>Coneix la not\u00edcia del Consell AC\u00cd<\/p>\n","protected":false},"excerpt":{"rendered":"<p>El Consell, mitjan\u00e7ant el Conseller Vicent Marz\u00e0, fa oficial un gran pas que considerem necessari per a la cobertura de la salut dels usuaris de l&#8217;\u00e0mbit esportiu, sent aquest, a m\u00e9s, un tema que est\u00e0 en la majoria de programes esportius dels grups pol\u00edtics que tenen representaci\u00f3 en Les Corts Valencianes. La que podria ser [&hellip;]<\/p>\n","protected":false},"author":231,"featured_media":10000,"comment_status":"open","ping_status":"open","sticky":true,"template":"","format":"standard","meta":{"footnotes":""},"categories":[1881],"tags":[],"class_list":["post-10032","post","type-post","status-publish","format-standard","has-post-thumbnail","hentry","category-noticies"],"yoast_head":"<!-- This site is optimized with the Yoast SEO plugin v27.5 - https:\/\/yoast.com\/product\/yoast-seo-wordpress\/ -->\n<title>El Consell aprova l&#039;Avantprojecte de Llei de regulaci\u00f3 de professions de l&#039;esport de la C.V. - GEPACV<\/title>\n<meta name=\"robots\" content=\"index, follow, max-snippet:-1, max-image-preview:large, max-video-preview:-1\" \/>\n<link rel=\"canonical\" href=\"https:\/\/gepacv.org\/vlc\/el-consell-aprova-lavantprojecte-de-llei-de-regulacio-de-professions-de-lesport-de-la-c-v\/\" \/>\n<meta property=\"og:locale\" content=\"en_US\" \/>\n<meta property=\"og:type\" content=\"article\" \/>\n<meta property=\"og:title\" content=\"El Consell aprova l&#039;Avantprojecte de Llei de regulaci\u00f3 de professions de l&#039;esport de la C.V. - GEPACV\" \/>\n<meta property=\"og:description\" content=\"El Consell, mitjan\u00e7ant el Conseller Vicent Marz\u00e0, fa oficial un gran pas que considerem necessari per a la cobertura de la salut dels usuaris de l&#8217;\u00e0mbit esportiu, sent aquest, a m\u00e9s, un tema que est\u00e0 en la majoria de programes esportius dels grups pol\u00edtics que tenen representaci\u00f3 en Les Corts Valencianes. La que podria ser [&hellip;]\" \/>\n<meta property=\"og:url\" content=\"https:\/\/gepacv.org\/vlc\/el-consell-aprova-lavantprojecte-de-llei-de-regulacio-de-professions-de-lesport-de-la-c-v\/\" \/>\n<meta property=\"og:site_name\" content=\"GEPACV\" \/>\n<meta property=\"article:author\" content=\"https:\/\/www.facebook.com\/GEPACV\" \/>\n<meta property=\"article:published_time\" content=\"2020-06-27T10:52:53+00:00\" \/>\n<meta property=\"article:modified_time\" content=\"2025-07-24T11:42:47+00:00\" \/>\n<meta property=\"og:image\" content=\"https:\/\/gepacv.org\/wp-content\/uploads\/2020\/06\/vicent-marza_forcrop-e1501521338327-655x368-1.jpg\" \/>\n\t<meta property=\"og:image:width\" content=\"655\" \/>\n\t<meta property=\"og:image:height\" content=\"368\" \/>\n\t<meta property=\"og:image:type\" content=\"image\/jpeg\" \/>\n<meta name=\"author\" content=\"GEPACV\" \/>\n<meta name=\"twitter:label1\" content=\"Written by\" \/>\n\t<meta name=\"twitter:data1\" content=\"GEPACV\" \/>\n\t<meta name=\"twitter:label2\" content=\"Est. reading time\" \/>\n\t<meta name=\"twitter:data2\" content=\"1 minute\" \/>\n<script type=\"application\/ld+json\" class=\"yoast-schema-graph\">{\"@context\":\"https:\\\/\\\/schema.org\",\"@graph\":[{\"@type\":\"Article\",\"@id\":\"https:\\\/\\\/gepacv.org\\\/vlc\\\/el-consell-aprova-lavantprojecte-de-llei-de-regulacio-de-professions-de-lesport-de-la-c-v\\\/#article\",\"isPartOf\":{\"@id\":\"https:\\\/\\\/gepacv.org\\\/vlc\\\/el-consell-aprova-lavantprojecte-de-llei-de-regulacio-de-professions-de-lesport-de-la-c-v\\\/\"},\"author\":{\"name\":\"GEPACV\",\"@id\":\"https:\\\/\\\/gepacv.org\\\/vlc\\\/#\\\/schema\\\/person\\\/9ac3852e7920f4fcaa9793f029983eb3\"},\"headline\":\"El Consell aprova l&#8217;Avantprojecte de Llei de regulaci\u00f3 de professions de l&#8217;esport de la C.V.\",\"datePublished\":\"2020-06-27T10:52:53+00:00\",\"dateModified\":\"2025-07-24T11:42:47+00:00\",\"mainEntityOfPage\":{\"@id\":\"https:\\\/\\\/gepacv.org\\\/vlc\\\/el-consell-aprova-lavantprojecte-de-llei-de-regulacio-de-professions-de-lesport-de-la-c-v\\\/\"},\"wordCount\":156,\"commentCount\":0,\"publisher\":{\"@id\":\"https:\\\/\\\/gepacv.org\\\/vlc\\\/#organization\"},\"image\":{\"@id\":\"https:\\\/\\\/gepacv.org\\\/vlc\\\/el-consell-aprova-lavantprojecte-de-llei-de-regulacio-de-professions-de-lesport-de-la-c-v\\\/#primaryimage\"},\"thumbnailUrl\":\"https:\\\/\\\/gepacv.org\\\/wp-content\\\/uploads\\\/2020\\\/06\\\/vicent-marza_forcrop-e1501521338327-655x368-1.jpg\",\"articleSection\":[\"Noticies\"],\"inLanguage\":\"val\",\"potentialAction\":[{\"@type\":\"CommentAction\",\"name\":\"Comment\",\"target\":[\"https:\\\/\\\/gepacv.org\\\/vlc\\\/el-consell-aprova-lavantprojecte-de-llei-de-regulacio-de-professions-de-lesport-de-la-c-v\\\/#respond\"]}]},{\"@type\":\"WebPage\",\"@id\":\"https:\\\/\\\/gepacv.org\\\/vlc\\\/el-consell-aprova-lavantprojecte-de-llei-de-regulacio-de-professions-de-lesport-de-la-c-v\\\/\",\"url\":\"https:\\\/\\\/gepacv.org\\\/vlc\\\/el-consell-aprova-lavantprojecte-de-llei-de-regulacio-de-professions-de-lesport-de-la-c-v\\\/\",\"name\":\"El Consell aprova l'Avantprojecte de Llei de regulaci\u00f3 de professions de l'esport de la C.V. - GEPACV\",\"isPartOf\":{\"@id\":\"https:\\\/\\\/gepacv.org\\\/vlc\\\/#website\"},\"primaryImageOfPage\":{\"@id\":\"https:\\\/\\\/gepacv.org\\\/vlc\\\/el-consell-aprova-lavantprojecte-de-llei-de-regulacio-de-professions-de-lesport-de-la-c-v\\\/#primaryimage\"},\"image\":{\"@id\":\"https:\\\/\\\/gepacv.org\\\/vlc\\\/el-consell-aprova-lavantprojecte-de-llei-de-regulacio-de-professions-de-lesport-de-la-c-v\\\/#primaryimage\"},\"thumbnailUrl\":\"https:\\\/\\\/gepacv.org\\\/wp-content\\\/uploads\\\/2020\\\/06\\\/vicent-marza_forcrop-e1501521338327-655x368-1.jpg\",\"datePublished\":\"2020-06-27T10:52:53+00:00\",\"dateModified\":\"2025-07-24T11:42:47+00:00\",\"breadcrumb\":{\"@id\":\"https:\\\/\\\/gepacv.org\\\/vlc\\\/el-consell-aprova-lavantprojecte-de-llei-de-regulacio-de-professions-de-lesport-de-la-c-v\\\/#breadcrumb\"},\"inLanguage\":\"val\",\"potentialAction\":[{\"@type\":\"ReadAction\",\"target\":[\"https:\\\/\\\/gepacv.org\\\/vlc\\\/el-consell-aprova-lavantprojecte-de-llei-de-regulacio-de-professions-de-lesport-de-la-c-v\\\/\"]}]},{\"@type\":\"ImageObject\",\"inLanguage\":\"val\",\"@id\":\"https:\\\/\\\/gepacv.org\\\/vlc\\\/el-consell-aprova-lavantprojecte-de-llei-de-regulacio-de-professions-de-lesport-de-la-c-v\\\/#primaryimage\",\"url\":\"https:\\\/\\\/gepacv.org\\\/wp-content\\\/uploads\\\/2020\\\/06\\\/vicent-marza_forcrop-e1501521338327-655x368-1.jpg\",\"contentUrl\":\"https:\\\/\\\/gepacv.org\\\/wp-content\\\/uploads\\\/2020\\\/06\\\/vicent-marza_forcrop-e1501521338327-655x368-1.jpg\",\"width\":655,\"height\":368},{\"@type\":\"BreadcrumbList\",\"@id\":\"https:\\\/\\\/gepacv.org\\\/vlc\\\/el-consell-aprova-lavantprojecte-de-llei-de-regulacio-de-professions-de-lesport-de-la-c-v\\\/#breadcrumb\",\"itemListElement\":[{\"@type\":\"ListItem\",\"position\":1,\"name\":\"Inicio\",\"item\":\"https:\\\/\\\/gepacv.org\\\/vlc\\\/\"},{\"@type\":\"ListItem\",\"position\":2,\"name\":\"El Consell aprova l&#8217;Avantprojecte de Llei de regulaci\u00f3 de professions de l&#8217;esport de la C.V.\"}]},{\"@type\":\"WebSite\",\"@id\":\"https:\\\/\\\/gepacv.org\\\/vlc\\\/#website\",\"url\":\"https:\\\/\\\/gepacv.org\\\/vlc\\\/\",\"name\":\"GEPACV\",\"description\":\"Asociaci\u00f3n de Gestores Deportivos de la Comunidad Valenciana\",\"publisher\":{\"@id\":\"https:\\\/\\\/gepacv.org\\\/vlc\\\/#organization\"},\"potentialAction\":[{\"@type\":\"SearchAction\",\"target\":{\"@type\":\"EntryPoint\",\"urlTemplate\":\"https:\\\/\\\/gepacv.org\\\/vlc\\\/?s={search_term_string}\"},\"query-input\":{\"@type\":\"PropertyValueSpecification\",\"valueRequired\":true,\"valueName\":\"search_term_string\"}}],\"inLanguage\":\"val\"},{\"@type\":\"Organization\",\"@id\":\"https:\\\/\\\/gepacv.org\\\/vlc\\\/#organization\",\"name\":\"GEPACV\",\"url\":\"https:\\\/\\\/gepacv.org\\\/vlc\\\/\",\"logo\":{\"@type\":\"ImageObject\",\"inLanguage\":\"val\",\"@id\":\"https:\\\/\\\/gepacv.org\\\/vlc\\\/#\\\/schema\\\/logo\\\/image\\\/\",\"url\":\"https:\\\/\\\/gepacv.org\\\/wp-content\\\/uploads\\\/2020\\\/05\\\/GEPACV_LOGOTIPO.png\",\"contentUrl\":\"https:\\\/\\\/gepacv.org\\\/wp-content\\\/uploads\\\/2020\\\/05\\\/GEPACV_LOGOTIPO.png\",\"width\":500,\"height\":68,\"caption\":\"GEPACV\"},\"image\":{\"@id\":\"https:\\\/\\\/gepacv.org\\\/vlc\\\/#\\\/schema\\\/logo\\\/image\\\/\"}},{\"@type\":\"Person\",\"@id\":\"https:\\\/\\\/gepacv.org\\\/vlc\\\/#\\\/schema\\\/person\\\/9ac3852e7920f4fcaa9793f029983eb3\",\"name\":\"GEPACV\",\"image\":{\"@type\":\"ImageObject\",\"inLanguage\":\"val\",\"@id\":\"https:\\\/\\\/secure.gravatar.com\\\/avatar\\\/0d2e74b929739cda74066dd5f4b7dc8145e293e530adfcc32b407fcecb69675d?s=96&d=mm&r=g\",\"url\":\"https:\\\/\\\/secure.gravatar.com\\\/avatar\\\/0d2e74b929739cda74066dd5f4b7dc8145e293e530adfcc32b407fcecb69675d?s=96&d=mm&r=g\",\"contentUrl\":\"https:\\\/\\\/secure.gravatar.com\\\/avatar\\\/0d2e74b929739cda74066dd5f4b7dc8145e293e530adfcc32b407fcecb69675d?s=96&d=mm&r=g\",\"caption\":\"GEPACV\"},\"sameAs\":[\"https:\\\/\\\/www.facebook.com\\\/GEPACV\",\"https:\\\/\\\/x.com\\\/gepacv\"]}]}<\/script>\n<!-- \/ Yoast SEO plugin. -->","yoast_head_json":{"title":"El Consell aprova l'Avantprojecte de Llei de regulaci\u00f3 de professions de l'esport de la C.V. - GEPACV","robots":{"index":"index","follow":"follow","max-snippet":"max-snippet:-1","max-image-preview":"max-image-preview:large","max-video-preview":"max-video-preview:-1"},"canonical":"https:\/\/gepacv.org\/vlc\/el-consell-aprova-lavantprojecte-de-llei-de-regulacio-de-professions-de-lesport-de-la-c-v\/","og_locale":"en_US","og_type":"article","og_title":"El Consell aprova l'Avantprojecte de Llei de regulaci\u00f3 de professions de l'esport de la C.V. - GEPACV","og_description":"El Consell, mitjan\u00e7ant el Conseller Vicent Marz\u00e0, fa oficial un gran pas que considerem necessari per a la cobertura de la salut dels usuaris de l&#8217;\u00e0mbit esportiu, sent aquest, a m\u00e9s, un tema que est\u00e0 en la majoria de programes esportius dels grups pol\u00edtics que tenen representaci\u00f3 en Les Corts Valencianes. La que podria ser [&hellip;]","og_url":"https:\/\/gepacv.org\/vlc\/el-consell-aprova-lavantprojecte-de-llei-de-regulacio-de-professions-de-lesport-de-la-c-v\/","og_site_name":"GEPACV","article_author":"https:\/\/www.facebook.com\/GEPACV","article_published_time":"2020-06-27T10:52:53+00:00","article_modified_time":"2025-07-24T11:42:47+00:00","og_image":[{"width":655,"height":368,"url":"https:\/\/gepacv.org\/wp-content\/uploads\/2020\/06\/vicent-marza_forcrop-e1501521338327-655x368-1.jpg","type":"image\/jpeg"}],"author":"GEPACV","twitter_misc":{"Written by":"GEPACV","Est. reading time":"1 minute"},"schema":{"@context":"https:\/\/schema.org","@graph":[{"@type":"Article","@id":"https:\/\/gepacv.org\/vlc\/el-consell-aprova-lavantprojecte-de-llei-de-regulacio-de-professions-de-lesport-de-la-c-v\/#article","isPartOf":{"@id":"https:\/\/gepacv.org\/vlc\/el-consell-aprova-lavantprojecte-de-llei-de-regulacio-de-professions-de-lesport-de-la-c-v\/"},"author":{"name":"GEPACV","@id":"https:\/\/gepacv.org\/vlc\/#\/schema\/person\/9ac3852e7920f4fcaa9793f029983eb3"},"headline":"El Consell aprova l&#8217;Avantprojecte de Llei de regulaci\u00f3 de professions de l&#8217;esport de la C.V.","datePublished":"2020-06-27T10:52:53+00:00","dateModified":"2025-07-24T11:42:47+00:00","mainEntityOfPage":{"@id":"https:\/\/gepacv.org\/vlc\/el-consell-aprova-lavantprojecte-de-llei-de-regulacio-de-professions-de-lesport-de-la-c-v\/"},"wordCount":156,"commentCount":0,"publisher":{"@id":"https:\/\/gepacv.org\/vlc\/#organization"},"image":{"@id":"https:\/\/gepacv.org\/vlc\/el-consell-aprova-lavantprojecte-de-llei-de-regulacio-de-professions-de-lesport-de-la-c-v\/#primaryimage"},"thumbnailUrl":"https:\/\/gepacv.org\/wp-content\/uploads\/2020\/06\/vicent-marza_forcrop-e1501521338327-655x368-1.jpg","articleSection":["Noticies"],"inLanguage":"val","potentialAction":[{"@type":"CommentAction","name":"Comment","target":["https:\/\/gepacv.org\/vlc\/el-consell-aprova-lavantprojecte-de-llei-de-regulacio-de-professions-de-lesport-de-la-c-v\/#respond"]}]},{"@type":"WebPage","@id":"https:\/\/gepacv.org\/vlc\/el-consell-aprova-lavantprojecte-de-llei-de-regulacio-de-professions-de-lesport-de-la-c-v\/","url":"https:\/\/gepacv.org\/vlc\/el-consell-aprova-lavantprojecte-de-llei-de-regulacio-de-professions-de-lesport-de-la-c-v\/","name":"El Consell aprova l'Avantprojecte de Llei de regulaci\u00f3 de professions de l'esport de la C.V. - GEPACV","isPartOf":{"@id":"https:\/\/gepacv.org\/vlc\/#website"},"primaryImageOfPage":{"@id":"https:\/\/gepacv.org\/vlc\/el-consell-aprova-lavantprojecte-de-llei-de-regulacio-de-professions-de-lesport-de-la-c-v\/#primaryimage"},"image":{"@id":"https:\/\/gepacv.org\/vlc\/el-consell-aprova-lavantprojecte-de-llei-de-regulacio-de-professions-de-lesport-de-la-c-v\/#primaryimage"},"thumbnailUrl":"https:\/\/gepacv.org\/wp-content\/uploads\/2020\/06\/vicent-marza_forcrop-e1501521338327-655x368-1.jpg","datePublished":"2020-06-27T10:52:53+00:00","dateModified":"2025-07-24T11:42:47+00:00","breadcrumb":{"@id":"https:\/\/gepacv.org\/vlc\/el-consell-aprova-lavantprojecte-de-llei-de-regulacio-de-professions-de-lesport-de-la-c-v\/#breadcrumb"},"inLanguage":"val","potentialAction":[{"@type":"ReadAction","target":["https:\/\/gepacv.org\/vlc\/el-consell-aprova-lavantprojecte-de-llei-de-regulacio-de-professions-de-lesport-de-la-c-v\/"]}]},{"@type":"ImageObject","inLanguage":"val","@id":"https:\/\/gepacv.org\/vlc\/el-consell-aprova-lavantprojecte-de-llei-de-regulacio-de-professions-de-lesport-de-la-c-v\/#primaryimage","url":"https:\/\/gepacv.org\/wp-content\/uploads\/2020\/06\/vicent-marza_forcrop-e1501521338327-655x368-1.jpg","contentUrl":"https:\/\/gepacv.org\/wp-content\/uploads\/2020\/06\/vicent-marza_forcrop-e1501521338327-655x368-1.jpg","width":655,"height":368},{"@type":"BreadcrumbList","@id":"https:\/\/gepacv.org\/vlc\/el-consell-aprova-lavantprojecte-de-llei-de-regulacio-de-professions-de-lesport-de-la-c-v\/#breadcrumb","itemListElement":[{"@type":"ListItem","position":1,"name":"Inicio","item":"https:\/\/gepacv.org\/vlc\/"},{"@type":"ListItem","position":2,"name":"El Consell aprova l&#8217;Avantprojecte de Llei de regulaci\u00f3 de professions de l&#8217;esport de la C.V."}]},{"@type":"WebSite","@id":"https:\/\/gepacv.org\/vlc\/#website","url":"https:\/\/gepacv.org\/vlc\/","name":"GEPACV","description":"Asociaci\u00f3n de Gestores Deportivos de la Comunidad Valenciana","publisher":{"@id":"https:\/\/gepacv.org\/vlc\/#organization"},"potentialAction":[{"@type":"SearchAction","target":{"@type":"EntryPoint","urlTemplate":"https:\/\/gepacv.org\/vlc\/?s={search_term_string}"},"query-input":{"@type":"PropertyValueSpecification","valueRequired":true,"valueName":"search_term_string"}}],"inLanguage":"val"},{"@type":"Organization","@id":"https:\/\/gepacv.org\/vlc\/#organization","name":"GEPACV","url":"https:\/\/gepacv.org\/vlc\/","logo":{"@type":"ImageObject","inLanguage":"val","@id":"https:\/\/gepacv.org\/vlc\/#\/schema\/logo\/image\/","url":"https:\/\/gepacv.org\/wp-content\/uploads\/2020\/05\/GEPACV_LOGOTIPO.png","contentUrl":"https:\/\/gepacv.org\/wp-content\/uploads\/2020\/05\/GEPACV_LOGOTIPO.png","width":500,"height":68,"caption":"GEPACV"},"image":{"@id":"https:\/\/gepacv.org\/vlc\/#\/schema\/logo\/image\/"}},{"@type":"Person","@id":"https:\/\/gepacv.org\/vlc\/#\/schema\/person\/9ac3852e7920f4fcaa9793f029983eb3","name":"GEPACV","image":{"@type":"ImageObject","inLanguage":"val","@id":"https:\/\/secure.gravatar.com\/avatar\/0d2e74b929739cda74066dd5f4b7dc8145e293e530adfcc32b407fcecb69675d?s=96&d=mm&r=g","url":"https:\/\/secure.gravatar.com\/avatar\/0d2e74b929739cda74066dd5f4b7dc8145e293e530adfcc32b407fcecb69675d?s=96&d=mm&r=g","contentUrl":"https:\/\/secure.gravatar.com\/avatar\/0d2e74b929739cda74066dd5f4b7dc8145e293e530adfcc32b407fcecb69675d?s=96&d=mm&r=g","caption":"GEPACV"},"sameAs":["https:\/\/www.facebook.com\/GEPACV","https:\/\/x.com\/gepacv"]}]}},"_links":{"self":[{"href":"https:\/\/gepacv.org\/vlc\/wp-json\/wp\/v2\/posts\/10032","targetHints":{"allow":["GET"]}}],"collection":[{"href":"https:\/\/gepacv.org\/vlc\/wp-json\/wp\/v2\/posts"}],"about":[{"href":"https:\/\/gepacv.org\/vlc\/wp-json\/wp\/v2\/types\/post"}],"author":[{"embeddable":true,"href":"https:\/\/gepacv.org\/vlc\/wp-json\/wp\/v2\/users\/231"}],"replies":[{"embeddable":true,"href":"https:\/\/gepacv.org\/vlc\/wp-json\/wp\/v2\/comments?post=10032"}],"version-history":[{"count":0,"href":"https:\/\/gepacv.org\/vlc\/wp-json\/wp\/v2\/posts\/10032\/revisions"}],"wp:featuredmedia":[{"embeddable":true,"href":"https:\/\/gepacv.org\/vlc\/wp-json\/wp\/v2\/media\/10000"}],"wp:attachment":[{"href":"https:\/\/gepacv.org\/vlc\/wp-json\/wp\/v2\/media?parent=10032"}],"wp:term":[{"taxonomy":"category","embeddable":true,"href":"https:\/\/gepacv.org\/vlc\/wp-json\/wp\/v2\/categories?post=10032"},{"taxonomy":"post_tag","embeddable":true,"href":"https:\/\/gepacv.org\/vlc\/wp-json\/wp\/v2\/tags?post=10032"}],"curies":[{"name":"wp","href":"https:\/\/api.w.org\/{rel}","templated":true}]}}