{"id":24704,"date":"2026-09-03T17:52:07","date_gmt":"2026-09-03T15:52:07","guid":{"rendered":"https:\/\/gepacv.org\/?p=24704"},"modified":"2026-09-03T17:55:02","modified_gmt":"2026-09-03T15:55:02","slug":"gepacv-presenta-el-seu-10e-congres-de-gestio-de-lesport-que-reunira-en-el-roig-arena-al-voltant-de-400-professionals-del-sector","status":"publish","type":"post","link":"https:\/\/gepacv.org\/vlc\/gepacv-presenta-el-seu-10e-congres-de-gestio-de-lesport-que-reunira-en-el-roig-arena-al-voltant-de-400-professionals-del-sector\/","title":{"rendered":"GEPACV presenta el seu 10\u00e9 Congr\u00e9s de Gesti\u00f3 de l&#8217;Esport, que reunir\u00e0 en el Roig Arena al voltant de 400 professionals del sector"},"content":{"rendered":"<p>L&#8217;associaci\u00f3 celebra una d\u00e8cada de congressos amb una edici\u00f3 de m\u00e0xim nivell encap\u00e7alada per Javier Tebes, Alejandro Blanco, Chus Bueno i David Ferrer<br \/>\nVal\u00e8ncia, 3 de setembre de 2026. L&#8217;Associaci\u00f3 de Gestors Esportius Professionals de la Comunitat Valenciana (GEPACV) ha presentat este dijous oficialment el seu 10\u00e9 Congr\u00e9s de Gesti\u00f3 de l&#8217;Esport, que se celebrar\u00e0 els pr\u00f2xims 1 i 2 d&#8217;octubre a l&#8217;Auditori del Roig Arena de Val\u00e8ncia i que reunir\u00e0 a prop de 400 professionals vinculats a la gesti\u00f3 esportiva.<\/p>\n<p>La presentaci\u00f3 ha tingut lloc en la Direcci\u00f3 General d&#8217;Esport de la Generalitat Valenciana, amb la participaci\u00f3 del director general d&#8217;Esport, Luis Cervera, i del president de GEPACV, Alberto Talavera, al costat de membres de la Junta Directiva de l&#8217;associaci\u00f3 i representants d&#8217;empreses col\u00b7laboradores.<\/p>\n<p>Sota el lema \u201cGestionant el canvi i construint el futur de la gesti\u00f3 esportiva\u201d, GEPACV aconseguix amb esta edici\u00f3 una fita especialment significativa: deu congressos dedicats a impulsar la professionalitzaci\u00f3, formaci\u00f3 i connexi\u00f3 dels gestors esportius, consolidant una cita que ha crescut edici\u00f3 rere edici\u00f3 fins a convertir-se en un dels principals punts de trobada del sector a Espanya.<\/p>\n<p>Un programa amb referents de primer nivell<br \/>\nEl 10\u00e9 Congr\u00e9s comptar\u00e0 amb un programa dissenyat per a abordar els grans reptes presents i futurs de la gesti\u00f3 esportiva des de diferents perspectives, reunint responsables d&#8217;algunes de les principals organitzacions esportives nacionals i internacionals.<br \/>\nEntre els grans protagonistes estaran Javier Tebas, president de LALIGA; Alejandro Blanco, president del Comit\u00e9 Ol\u00edmpic Espanyol; Chus Bueno, CEO de *EuroLeague; i David Ferrer, capit\u00e0 de la Selecci\u00f3 Espanyola de Tenis en Copa Davis.<\/p>\n<p>La participaci\u00f3 de Javier Tebes tindr\u00e0, a m\u00e9s, un significat especial per a GEPACV. El president de LALIGA ja va participar en l&#8217;anterior edici\u00f3 del Congr\u00e9s i tornar\u00e0 a formar part del programa despr\u00e9s de la positiva experi\u00e8ncia viscuda llavors, refor\u00e7ant aix\u00ed la capacitat de la trobada per a atraure i fidelizar a alguns dels principals dirigents de l&#8217;esport espanyol.<\/p>\n<p>El programa reunir\u00e0 igualment professionals procedents de clubs, federacions, administracions p\u00fabliques, empreses, instal\u00b7lacions esportives i altres organitzacions de l&#8217;ecosistema esportiu, combinant pon\u00e8ncies, taules redones, sprint talks, tallers i espais de networking.<\/p>\n<p>Entre els continguts que s&#8217;abordaran durant les dos jornades es troben q\u00fcestions estrat\u00e8giques per al futur del sector com la intel\u00b7lig\u00e8ncia artificial aplicada a la gesti\u00f3 esportiva, la tecnologia, el lideratge, la comunicaci\u00f3, el m\u00e0rqueting, la governan\u00e7a, la igualtat o la gesti\u00f3 de grans instal\u00b7lacions i recintes esportius.<br \/>\nA m\u00e9s, Toni Cant\u00f3, actor i professor de teatre i orat\u00f2ria, protagonitzar\u00e0 una sprint talk sobre \u201cT\u00e8cniques per a parlar en p\u00fablic\u201d, aportant al programa ferramentes pr\u00e0ctiques per a millorar la comunicaci\u00f3 i la capacitat de connectar amb diferents audi\u00e8ncies.<\/p>\n<p>La conducci\u00f3 de les dos jornades ser\u00e0 a c\u00e0rrec d&#8217;Alberto Chilet, director de Comunicaci\u00f3 de Val\u00e8ncia *Basket Club, que exercir\u00e0 com a presentador oficial d&#8217;esta desena edici\u00f3.<\/p>\n<p>Prop de 400 professionals i representaci\u00f3 de tota Espanya<br \/>\nEl Congr\u00e9s arriba a la seua presentaci\u00f3 oficial amb 360 places ja cobertes sobre un aforament m\u00e0xim de 400 persones, unes xifres que reflectixen el creixement i la consolidaci\u00f3 aconseguits per la trobada.<\/p>\n<p>El 91,7% de les persones inscrites procedix de la Comunitat Valenciana, mentres que un 7,3% arribar\u00e0 des d&#8217;altres punts d&#8217;Espanya i un 0,8% des de fora del pa\u00eds. Dins de la Comunitat, el 66,1% correspon a Val\u00e8ncia, el 19,5% a Alacant i el 14,4% a Castell\u00f3.<\/p>\n<p>Tamb\u00e9 destaca l&#8217;equilibri entre els diferents perfils professionals representats: el 59% dels assistents procedix de l&#8217;\u00e0mbit privat i el 41% del sector p\u00fablic, refor\u00e7ant un dels principals valors del Congr\u00e9s de GEPACV: generar un espai com\u00fa de trobada entre tots els agents que intervenen en la gesti\u00f3 de l&#8217;esport.<br \/>\nUna desena edici\u00f3 que reflectix el creixement de GEPACV<\/p>\n<p>Per a Alberto Talavera, president de *GEPACV, aconseguir la desena edici\u00f3 suposa molt m\u00e9s que la celebraci\u00f3 d&#8217;un nou Congr\u00e9s: representa l&#8217;evoluci\u00f3 experimentada per la pr\u00f2pia associaci\u00f3 i per la professi\u00f3 de la gesti\u00f3 esportiva durant els \u00faltims anys.<br \/>\nGEPACV ha refor\u00e7at progressivament el seu paper com a punt de trobada dels professionals del sector, impulsant durant tot l&#8217;any iniciatives relacionades amb la formaci\u00f3, el *networking, l&#8217;ocupaci\u00f3, l&#8217;assessorament professional, la generaci\u00f3 de coneixement i la defensa i visibilitzaci\u00f3 de la figura del gestor esportiu.<\/p>\n<p>El Congr\u00e9s representa la m\u00e0xima expressi\u00f3 anual d&#8217;eixe treball i permetr\u00e0 reunir durant dos dies, en un mateix espai, a gestors esportius, directius, responsables institucionals, clubs, federacions, empreses, universitats i professionals de diferents \u00e0mbits.<\/p>\n<p>Suport de la Generalitat Valenciana<\/p>\n<p>Durant la presentaci\u00f3, el director general d&#8217;Esport, Luis Cervera, va destacar la import\u00e0ncia de la formaci\u00f3 i professionalitzaci\u00f3 de la gesti\u00f3 davant el creixement que est\u00e0 experimentant l&#8217;esport i va posar en valor la fortalesa de l&#8217;ecosistema esportiu de la Comunitat Valenciana.<br \/>\nCervera va traslladar igualment el \u201csuport ferm i decidit\u201d de la Generalitat a GEPACV i va destacar el nivell dels professionals que participaran en el Congr\u00e9s, aix\u00ed com la diversitat de continguts que s&#8217;abordaran durant les jornades.<br \/>\nEl director general va assenyalar tamb\u00e9 el valor de celebrar esta desena edici\u00f3 en el Roig Arena, un espai cridat a convertir-se en un dels grans referents esportius i d&#8217;entreteniment de Val\u00e8ncia.<br \/>\nDeu edicions construint la gesti\u00f3 esportiva del futur<br \/>\nLa celebraci\u00f3 del 10\u00e9 Congr\u00e9s suposa per a GEPACV la culminaci\u00f3 d&#8217;una traject\u00f2ria de creixement que ha perm\u00e9s reunir, al llarg de les seues diferents edicions, a alguns dels principals referents de la gesti\u00f3 i la ind\u00fastria esportiva.<br \/>\nEls pr\u00f2xims 1 i 2 d&#8217;octubre, el Roig Arena arreplegar\u00e0 eixe testimoni amb l&#8217;edici\u00f3 m\u00e9s ambiciosa del Congr\u00e9s, tant per participaci\u00f3 com per programa i representaci\u00f3 del sector.<\/p>\n<p>Amb pr\u00e0cticament tot l&#8217;aforament cobert a un mes de la seua celebraci\u00f3, GEPACV afronta esta desena edici\u00f3 amb l&#8217;objectiu de continuar generant coneixement, creant connexions entre professionals i contribuint a una gesti\u00f3 esportiva cada vegada m\u00e9s professional, innovadora i preparada per a afrontar els canvis del sector.<\/p>\n","protected":false},"excerpt":{"rendered":"<p>L&#8217;associaci\u00f3 celebra una d\u00e8cada de congressos amb una edici\u00f3 de m\u00e0xim nivell encap\u00e7alada per Javier Tebes, Alejandro Blanco, Chus Bueno i David Ferrer Val\u00e8ncia, 3 de setembre de 2026. L&#8217;Associaci\u00f3 de Gestors Esportius Professionals de la Comunitat Valenciana (GEPACV) ha presentat este dijous oficialment el seu 10\u00e9 Congr\u00e9s de Gesti\u00f3 de l&#8217;Esport, que se celebrar\u00e0 [&hellip;]<\/p>\n","protected":false},"author":231,"featured_media":24703,"comment_status":"open","ping_status":"open","sticky":false,"template":"","format":"standard","meta":{"footnotes":""},"categories":[1881],"tags":[],"class_list":["post-24704","post","type-post","status-publish","format-standard","has-post-thumbnail","hentry","category-noticies"],"yoast_head":"<!-- This site is optimized with the Yoast SEO plugin v28.4 - https:\/\/yoast.com\/product\/yoast-seo-wordpress\/ -->\n<title>GEPACV presenta el seu 10\u00e9 Congr\u00e9s de Gesti\u00f3 de l&#039;Esport, que reunir\u00e0 en el Roig Arena al voltant de 400 professionals del sector - GEPACV<\/title>\n<meta name=\"robots\" content=\"index, follow, max-snippet:-1, max-image-preview:large, max-video-preview:-1\" \/>\n<link rel=\"canonical\" href=\"https:\/\/gepacv.org\/vlc\/gepacv-presenta-el-seu-10e-congres-de-gestio-de-lesport-que-reunira-en-el-roig-arena-al-voltant-de-400-professionals-del-sector\/\" \/>\n<meta property=\"og:locale\" content=\"en_US\" \/>\n<meta property=\"og:type\" content=\"article\" \/>\n<meta property=\"og:title\" content=\"GEPACV presenta el seu 10\u00e9 Congr\u00e9s de Gesti\u00f3 de l&#039;Esport, que reunir\u00e0 en el Roig Arena al voltant de 400 professionals del sector - GEPACV\" \/>\n<meta property=\"og:description\" content=\"L&#8217;associaci\u00f3 celebra una d\u00e8cada de congressos amb una edici\u00f3 de m\u00e0xim nivell encap\u00e7alada per Javier Tebes, Alejandro Blanco, Chus Bueno i David Ferrer Val\u00e8ncia, 3 de setembre de 2026. L&#8217;Associaci\u00f3 de Gestors Esportius Professionals de la Comunitat Valenciana (GEPACV) ha presentat este dijous oficialment el seu 10\u00e9 Congr\u00e9s de Gesti\u00f3 de l&#8217;Esport, que se celebrar\u00e0 [&hellip;]\" \/>\n<meta property=\"og:url\" content=\"https:\/\/gepacv.org\/vlc\/gepacv-presenta-el-seu-10e-congres-de-gestio-de-lesport-que-reunira-en-el-roig-arena-al-voltant-de-400-professionals-del-sector\/\" \/>\n<meta property=\"og:site_name\" content=\"GEPACV\" \/>\n<meta property=\"article:author\" content=\"https:\/\/www.facebook.com\/GEPACV\" \/>\n<meta property=\"article:published_time\" content=\"2026-09-03T15:52:07+00:00\" \/>\n<meta property=\"article:modified_time\" content=\"2026-09-03T15:55:02+00:00\" \/>\n<meta property=\"og:image\" content=\"https:\/\/gepacv.org\/wp-content\/uploads\/2026\/09\/FOTO-P.jpeg\" \/>\n\t<meta property=\"og:image:width\" content=\"1620\" \/>\n\t<meta property=\"og:image:height\" content=\"1080\" \/>\n\t<meta property=\"og:image:type\" content=\"image\/jpeg\" \/>\n<meta name=\"author\" content=\"GEPACV\" \/>\n<meta name=\"twitter:label1\" content=\"Written by\" \/>\n\t<meta name=\"twitter:data1\" content=\"GEPACV\" \/>\n\t<meta name=\"twitter:label2\" content=\"Est. reading time\" \/>\n\t<meta name=\"twitter:data2\" content=\"5 minutes\" \/>\n<script type=\"application\/ld+json\" class=\"yoast-schema-graph\">{\"@context\":\"https:\\\/\\\/schema.org\",\"@graph\":[{\"@type\":\"Article\",\"@id\":\"https:\\\/\\\/gepacv.org\\\/vlc\\\/gepacv-presenta-el-seu-10e-congres-de-gestio-de-lesport-que-reunira-en-el-roig-arena-al-voltant-de-400-professionals-del-sector\\\/#article\",\"isPartOf\":{\"@id\":\"https:\\\/\\\/gepacv.org\\\/vlc\\\/gepacv-presenta-el-seu-10e-congres-de-gestio-de-lesport-que-reunira-en-el-roig-arena-al-voltant-de-400-professionals-del-sector\\\/\"},\"author\":{\"name\":\"GEPACV\",\"@id\":\"https:\\\/\\\/gepacv.org\\\/vlc\\\/#\\\/schema\\\/person\\\/9ac3852e7920f4fcaa9793f029983eb3\"},\"headline\":\"GEPACV presenta el seu 10\u00e9 Congr\u00e9s de Gesti\u00f3 de l&#8217;Esport, que reunir\u00e0 en el Roig Arena al voltant de 400 professionals del sector\",\"datePublished\":\"2026-09-03T15:52:07+00:00\",\"dateModified\":\"2026-09-03T15:55:02+00:00\",\"mainEntityOfPage\":{\"@id\":\"https:\\\/\\\/gepacv.org\\\/vlc\\\/gepacv-presenta-el-seu-10e-congres-de-gestio-de-lesport-que-reunira-en-el-roig-arena-al-voltant-de-400-professionals-del-sector\\\/\"},\"wordCount\":1066,\"commentCount\":0,\"publisher\":{\"@id\":\"https:\\\/\\\/gepacv.org\\\/vlc\\\/#organization\"},\"image\":{\"@id\":\"https:\\\/\\\/gepacv.org\\\/vlc\\\/gepacv-presenta-el-seu-10e-congres-de-gestio-de-lesport-que-reunira-en-el-roig-arena-al-voltant-de-400-professionals-del-sector\\\/#primaryimage\"},\"thumbnailUrl\":\"https:\\\/\\\/gepacv.org\\\/wp-content\\\/uploads\\\/2026\\\/09\\\/FOTO-P.jpeg\",\"articleSection\":[\"Noticies\"],\"inLanguage\":\"val\",\"potentialAction\":[{\"@type\":\"CommentAction\",\"name\":\"Comment\",\"target\":[\"https:\\\/\\\/gepacv.org\\\/vlc\\\/gepacv-presenta-el-seu-10e-congres-de-gestio-de-lesport-que-reunira-en-el-roig-arena-al-voltant-de-400-professionals-del-sector\\\/#respond\"]}]},{\"@type\":\"WebPage\",\"@id\":\"https:\\\/\\\/gepacv.org\\\/vlc\\\/gepacv-presenta-el-seu-10e-congres-de-gestio-de-lesport-que-reunira-en-el-roig-arena-al-voltant-de-400-professionals-del-sector\\\/\",\"url\":\"https:\\\/\\\/gepacv.org\\\/vlc\\\/gepacv-presenta-el-seu-10e-congres-de-gestio-de-lesport-que-reunira-en-el-roig-arena-al-voltant-de-400-professionals-del-sector\\\/\",\"name\":\"GEPACV presenta el seu 10\u00e9 Congr\u00e9s de Gesti\u00f3 de l'Esport, que reunir\u00e0 en el Roig Arena al voltant de 400 professionals del sector - GEPACV\",\"isPartOf\":{\"@id\":\"https:\\\/\\\/gepacv.org\\\/vlc\\\/#website\"},\"primaryImageOfPage\":{\"@id\":\"https:\\\/\\\/gepacv.org\\\/vlc\\\/gepacv-presenta-el-seu-10e-congres-de-gestio-de-lesport-que-reunira-en-el-roig-arena-al-voltant-de-400-professionals-del-sector\\\/#primaryimage\"},\"image\":{\"@id\":\"https:\\\/\\\/gepacv.org\\\/vlc\\\/gepacv-presenta-el-seu-10e-congres-de-gestio-de-lesport-que-reunira-en-el-roig-arena-al-voltant-de-400-professionals-del-sector\\\/#primaryimage\"},\"thumbnailUrl\":\"https:\\\/\\\/gepacv.org\\\/wp-content\\\/uploads\\\/2026\\\/09\\\/FOTO-P.jpeg\",\"datePublished\":\"2026-09-03T15:52:07+00:00\",\"dateModified\":\"2026-09-03T15:55:02+00:00\",\"breadcrumb\":{\"@id\":\"https:\\\/\\\/gepacv.org\\\/vlc\\\/gepacv-presenta-el-seu-10e-congres-de-gestio-de-lesport-que-reunira-en-el-roig-arena-al-voltant-de-400-professionals-del-sector\\\/#breadcrumb\"},\"inLanguage\":\"val\",\"potentialAction\":[{\"@type\":\"ReadAction\",\"target\":[\"https:\\\/\\\/gepacv.org\\\/vlc\\\/gepacv-presenta-el-seu-10e-congres-de-gestio-de-lesport-que-reunira-en-el-roig-arena-al-voltant-de-400-professionals-del-sector\\\/\"]}]},{\"@type\":\"ImageObject\",\"inLanguage\":\"val\",\"@id\":\"https:\\\/\\\/gepacv.org\\\/vlc\\\/gepacv-presenta-el-seu-10e-congres-de-gestio-de-lesport-que-reunira-en-el-roig-arena-al-voltant-de-400-professionals-del-sector\\\/#primaryimage\",\"url\":\"https:\\\/\\\/gepacv.org\\\/wp-content\\\/uploads\\\/2026\\\/09\\\/FOTO-P.jpeg\",\"contentUrl\":\"https:\\\/\\\/gepacv.org\\\/wp-content\\\/uploads\\\/2026\\\/09\\\/FOTO-P.jpeg\",\"width\":1620,\"height\":1080},{\"@type\":\"BreadcrumbList\",\"@id\":\"https:\\\/\\\/gepacv.org\\\/vlc\\\/gepacv-presenta-el-seu-10e-congres-de-gestio-de-lesport-que-reunira-en-el-roig-arena-al-voltant-de-400-professionals-del-sector\\\/#breadcrumb\",\"itemListElement\":[{\"@type\":\"ListItem\",\"position\":1,\"name\":\"Inicio\",\"item\":\"https:\\\/\\\/gepacv.org\\\/vlc\\\/\"},{\"@type\":\"ListItem\",\"position\":2,\"name\":\"GEPACV presenta el seu 10\u00e9 Congr\u00e9s de Gesti\u00f3 de l&#8217;Esport, que reunir\u00e0 en el Roig Arena al voltant de 400 professionals del sector\"}]},{\"@type\":\"WebSite\",\"@id\":\"https:\\\/\\\/gepacv.org\\\/vlc\\\/#website\",\"url\":\"https:\\\/\\\/gepacv.org\\\/vlc\\\/\",\"name\":\"GEPACV\",\"description\":\"Asociaci\u00f3n de Gestores Deportivos de la Comunidad Valenciana\",\"publisher\":{\"@id\":\"https:\\\/\\\/gepacv.org\\\/vlc\\\/#organization\"},\"potentialAction\":[{\"@type\":\"SearchAction\",\"target\":{\"@type\":\"EntryPoint\",\"urlTemplate\":\"https:\\\/\\\/gepacv.org\\\/vlc\\\/?s={search_term_string}\"},\"query-input\":{\"@type\":\"PropertyValueSpecification\",\"valueRequired\":true,\"valueName\":\"search_term_string\"}}],\"inLanguage\":\"val\"},{\"@type\":\"Organization\",\"@id\":\"https:\\\/\\\/gepacv.org\\\/vlc\\\/#organization\",\"name\":\"GEPACV\",\"url\":\"https:\\\/\\\/gepacv.org\\\/vlc\\\/\",\"logo\":{\"@type\":\"ImageObject\",\"inLanguage\":\"val\",\"@id\":\"https:\\\/\\\/gepacv.org\\\/vlc\\\/#\\\/schema\\\/logo\\\/image\\\/\",\"url\":\"https:\\\/\\\/gepacv.org\\\/wp-content\\\/uploads\\\/2020\\\/05\\\/GEPACV_LOGOTIPO.png\",\"contentUrl\":\"https:\\\/\\\/gepacv.org\\\/wp-content\\\/uploads\\\/2020\\\/05\\\/GEPACV_LOGOTIPO.png\",\"width\":500,\"height\":68,\"caption\":\"GEPACV\"},\"image\":{\"@id\":\"https:\\\/\\\/gepacv.org\\\/vlc\\\/#\\\/schema\\\/logo\\\/image\\\/\"}},{\"@type\":\"Person\",\"@id\":\"https:\\\/\\\/gepacv.org\\\/vlc\\\/#\\\/schema\\\/person\\\/9ac3852e7920f4fcaa9793f029983eb3\",\"name\":\"GEPACV\",\"image\":{\"@type\":\"ImageObject\",\"inLanguage\":\"val\",\"@id\":\"https:\\\/\\\/secure.gravatar.com\\\/avatar\\\/0d2e74b929739cda74066dd5f4b7dc8145e293e530adfcc32b407fcecb69675d?s=96&d=mm&r=g\",\"url\":\"https:\\\/\\\/secure.gravatar.com\\\/avatar\\\/0d2e74b929739cda74066dd5f4b7dc8145e293e530adfcc32b407fcecb69675d?s=96&d=mm&r=g\",\"contentUrl\":\"https:\\\/\\\/secure.gravatar.com\\\/avatar\\\/0d2e74b929739cda74066dd5f4b7dc8145e293e530adfcc32b407fcecb69675d?s=96&d=mm&r=g\",\"caption\":\"GEPACV\"},\"sameAs\":[\"https:\\\/\\\/www.facebook.com\\\/GEPACV\",\"https:\\\/\\\/x.com\\\/gepacv\"]}]}<\/script>\n<!-- \/ Yoast SEO plugin. -->","yoast_head_json":{"title":"GEPACV presenta el seu 10\u00e9 Congr\u00e9s de Gesti\u00f3 de l'Esport, que reunir\u00e0 en el Roig Arena al voltant de 400 professionals del sector - GEPACV","robots":{"index":"index","follow":"follow","max-snippet":"max-snippet:-1","max-image-preview":"max-image-preview:large","max-video-preview":"max-video-preview:-1"},"canonical":"https:\/\/gepacv.org\/vlc\/gepacv-presenta-el-seu-10e-congres-de-gestio-de-lesport-que-reunira-en-el-roig-arena-al-voltant-de-400-professionals-del-sector\/","og_locale":"en_US","og_type":"article","og_title":"GEPACV presenta el seu 10\u00e9 Congr\u00e9s de Gesti\u00f3 de l'Esport, que reunir\u00e0 en el Roig Arena al voltant de 400 professionals del sector - GEPACV","og_description":"L&#8217;associaci\u00f3 celebra una d\u00e8cada de congressos amb una edici\u00f3 de m\u00e0xim nivell encap\u00e7alada per Javier Tebes, Alejandro Blanco, Chus Bueno i David Ferrer Val\u00e8ncia, 3 de setembre de 2026. L&#8217;Associaci\u00f3 de Gestors Esportius Professionals de la Comunitat Valenciana (GEPACV) ha presentat este dijous oficialment el seu 10\u00e9 Congr\u00e9s de Gesti\u00f3 de l&#8217;Esport, que se celebrar\u00e0 [&hellip;]","og_url":"https:\/\/gepacv.org\/vlc\/gepacv-presenta-el-seu-10e-congres-de-gestio-de-lesport-que-reunira-en-el-roig-arena-al-voltant-de-400-professionals-del-sector\/","og_site_name":"GEPACV","article_author":"https:\/\/www.facebook.com\/GEPACV","article_published_time":"2026-09-03T15:52:07+00:00","article_modified_time":"2026-09-03T15:55:02+00:00","og_image":[{"width":1620,"height":1080,"url":"https:\/\/gepacv.org\/wp-content\/uploads\/2026\/09\/FOTO-P.jpeg","type":"image\/jpeg"}],"author":"GEPACV","twitter_misc":{"Written by":"GEPACV","Est. reading time":"5 minutes"},"schema":{"@context":"https:\/\/schema.org","@graph":[{"@type":"Article","@id":"https:\/\/gepacv.org\/vlc\/gepacv-presenta-el-seu-10e-congres-de-gestio-de-lesport-que-reunira-en-el-roig-arena-al-voltant-de-400-professionals-del-sector\/#article","isPartOf":{"@id":"https:\/\/gepacv.org\/vlc\/gepacv-presenta-el-seu-10e-congres-de-gestio-de-lesport-que-reunira-en-el-roig-arena-al-voltant-de-400-professionals-del-sector\/"},"author":{"name":"GEPACV","@id":"https:\/\/gepacv.org\/vlc\/#\/schema\/person\/9ac3852e7920f4fcaa9793f029983eb3"},"headline":"GEPACV presenta el seu 10\u00e9 Congr\u00e9s de Gesti\u00f3 de l&#8217;Esport, que reunir\u00e0 en el Roig Arena al voltant de 400 professionals del sector","datePublished":"2026-09-03T15:52:07+00:00","dateModified":"2026-09-03T15:55:02+00:00","mainEntityOfPage":{"@id":"https:\/\/gepacv.org\/vlc\/gepacv-presenta-el-seu-10e-congres-de-gestio-de-lesport-que-reunira-en-el-roig-arena-al-voltant-de-400-professionals-del-sector\/"},"wordCount":1066,"commentCount":0,"publisher":{"@id":"https:\/\/gepacv.org\/vlc\/#organization"},"image":{"@id":"https:\/\/gepacv.org\/vlc\/gepacv-presenta-el-seu-10e-congres-de-gestio-de-lesport-que-reunira-en-el-roig-arena-al-voltant-de-400-professionals-del-sector\/#primaryimage"},"thumbnailUrl":"https:\/\/gepacv.org\/wp-content\/uploads\/2026\/09\/FOTO-P.jpeg","articleSection":["Noticies"],"inLanguage":"val","potentialAction":[{"@type":"CommentAction","name":"Comment","target":["https:\/\/gepacv.org\/vlc\/gepacv-presenta-el-seu-10e-congres-de-gestio-de-lesport-que-reunira-en-el-roig-arena-al-voltant-de-400-professionals-del-sector\/#respond"]}]},{"@type":"WebPage","@id":"https:\/\/gepacv.org\/vlc\/gepacv-presenta-el-seu-10e-congres-de-gestio-de-lesport-que-reunira-en-el-roig-arena-al-voltant-de-400-professionals-del-sector\/","url":"https:\/\/gepacv.org\/vlc\/gepacv-presenta-el-seu-10e-congres-de-gestio-de-lesport-que-reunira-en-el-roig-arena-al-voltant-de-400-professionals-del-sector\/","name":"GEPACV presenta el seu 10\u00e9 Congr\u00e9s de Gesti\u00f3 de l'Esport, que reunir\u00e0 en el Roig Arena al voltant de 400 professionals del sector - GEPACV","isPartOf":{"@id":"https:\/\/gepacv.org\/vlc\/#website"},"primaryImageOfPage":{"@id":"https:\/\/gepacv.org\/vlc\/gepacv-presenta-el-seu-10e-congres-de-gestio-de-lesport-que-reunira-en-el-roig-arena-al-voltant-de-400-professionals-del-sector\/#primaryimage"},"image":{"@id":"https:\/\/gepacv.org\/vlc\/gepacv-presenta-el-seu-10e-congres-de-gestio-de-lesport-que-reunira-en-el-roig-arena-al-voltant-de-400-professionals-del-sector\/#primaryimage"},"thumbnailUrl":"https:\/\/gepacv.org\/wp-content\/uploads\/2026\/09\/FOTO-P.jpeg","datePublished":"2026-09-03T15:52:07+00:00","dateModified":"2026-09-03T15:55:02+00:00","breadcrumb":{"@id":"https:\/\/gepacv.org\/vlc\/gepacv-presenta-el-seu-10e-congres-de-gestio-de-lesport-que-reunira-en-el-roig-arena-al-voltant-de-400-professionals-del-sector\/#breadcrumb"},"inLanguage":"val","potentialAction":[{"@type":"ReadAction","target":["https:\/\/gepacv.org\/vlc\/gepacv-presenta-el-seu-10e-congres-de-gestio-de-lesport-que-reunira-en-el-roig-arena-al-voltant-de-400-professionals-del-sector\/"]}]},{"@type":"ImageObject","inLanguage":"val","@id":"https:\/\/gepacv.org\/vlc\/gepacv-presenta-el-seu-10e-congres-de-gestio-de-lesport-que-reunira-en-el-roig-arena-al-voltant-de-400-professionals-del-sector\/#primaryimage","url":"https:\/\/gepacv.org\/wp-content\/uploads\/2026\/09\/FOTO-P.jpeg","contentUrl":"https:\/\/gepacv.org\/wp-content\/uploads\/2026\/09\/FOTO-P.jpeg","width":1620,"height":1080},{"@type":"BreadcrumbList","@id":"https:\/\/gepacv.org\/vlc\/gepacv-presenta-el-seu-10e-congres-de-gestio-de-lesport-que-reunira-en-el-roig-arena-al-voltant-de-400-professionals-del-sector\/#breadcrumb","itemListElement":[{"@type":"ListItem","position":1,"name":"Inicio","item":"https:\/\/gepacv.org\/vlc\/"},{"@type":"ListItem","position":2,"name":"GEPACV presenta el seu 10\u00e9 Congr\u00e9s de Gesti\u00f3 de l&#8217;Esport, que reunir\u00e0 en el Roig Arena al voltant de 400 professionals del sector"}]},{"@type":"WebSite","@id":"https:\/\/gepacv.org\/vlc\/#website","url":"https:\/\/gepacv.org\/vlc\/","name":"GEPACV","description":"Asociaci\u00f3n de Gestores Deportivos de la Comunidad Valenciana","publisher":{"@id":"https:\/\/gepacv.org\/vlc\/#organization"},"potentialAction":[{"@type":"SearchAction","target":{"@type":"EntryPoint","urlTemplate":"https:\/\/gepacv.org\/vlc\/?s={search_term_string}"},"query-input":{"@type":"PropertyValueSpecification","valueRequired":true,"valueName":"search_term_string"}}],"inLanguage":"val"},{"@type":"Organization","@id":"https:\/\/gepacv.org\/vlc\/#organization","name":"GEPACV","url":"https:\/\/gepacv.org\/vlc\/","logo":{"@type":"ImageObject","inLanguage":"val","@id":"https:\/\/gepacv.org\/vlc\/#\/schema\/logo\/image\/","url":"https:\/\/gepacv.org\/wp-content\/uploads\/2020\/05\/GEPACV_LOGOTIPO.png","contentUrl":"https:\/\/gepacv.org\/wp-content\/uploads\/2020\/05\/GEPACV_LOGOTIPO.png","width":500,"height":68,"caption":"GEPACV"},"image":{"@id":"https:\/\/gepacv.org\/vlc\/#\/schema\/logo\/image\/"}},{"@type":"Person","@id":"https:\/\/gepacv.org\/vlc\/#\/schema\/person\/9ac3852e7920f4fcaa9793f029983eb3","name":"GEPACV","image":{"@type":"ImageObject","inLanguage":"val","@id":"https:\/\/secure.gravatar.com\/avatar\/0d2e74b929739cda74066dd5f4b7dc8145e293e530adfcc32b407fcecb69675d?s=96&d=mm&r=g","url":"https:\/\/secure.gravatar.com\/avatar\/0d2e74b929739cda74066dd5f4b7dc8145e293e530adfcc32b407fcecb69675d?s=96&d=mm&r=g","contentUrl":"https:\/\/secure.gravatar.com\/avatar\/0d2e74b929739cda74066dd5f4b7dc8145e293e530adfcc32b407fcecb69675d?s=96&d=mm&r=g","caption":"GEPACV"},"sameAs":["https:\/\/www.facebook.com\/GEPACV","https:\/\/x.com\/gepacv"]}]}},"_links":{"self":[{"href":"https:\/\/gepacv.org\/vlc\/wp-json\/wp\/v2\/posts\/24704","targetHints":{"allow":["GET"]}}],"collection":[{"href":"https:\/\/gepacv.org\/vlc\/wp-json\/wp\/v2\/posts"}],"about":[{"href":"https:\/\/gepacv.org\/vlc\/wp-json\/wp\/v2\/types\/post"}],"author":[{"embeddable":true,"href":"https:\/\/gepacv.org\/vlc\/wp-json\/wp\/v2\/users\/231"}],"replies":[{"embeddable":true,"href":"https:\/\/gepacv.org\/vlc\/wp-json\/wp\/v2\/comments?post=24704"}],"version-history":[{"count":1,"href":"https:\/\/gepacv.org\/vlc\/wp-json\/wp\/v2\/posts\/24704\/revisions"}],"predecessor-version":[{"id":24705,"href":"https:\/\/gepacv.org\/vlc\/wp-json\/wp\/v2\/posts\/24704\/revisions\/24705"}],"wp:featuredmedia":[{"embeddable":true,"href":"https:\/\/gepacv.org\/vlc\/wp-json\/wp\/v2\/media\/24703"}],"wp:attachment":[{"href":"https:\/\/gepacv.org\/vlc\/wp-json\/wp\/v2\/media?parent=24704"}],"wp:term":[{"taxonomy":"category","embeddable":true,"href":"https:\/\/gepacv.org\/vlc\/wp-json\/wp\/v2\/categories?post=24704"},{"taxonomy":"post_tag","embeddable":true,"href":"https:\/\/gepacv.org\/vlc\/wp-json\/wp\/v2\/tags?post=24704"}],"curies":[{"name":"wp","href":"https:\/\/api.w.org\/{rel}","templated":true}]}}