{"id":9986,"date":"2020-06-23T09:57:43","date_gmt":"2020-06-23T07:57:43","guid":{"rendered":"https:\/\/www.gepacv.org\/?p=9986"},"modified":"2020-06-23T09:57:47","modified_gmt":"2020-06-23T07:57:47","slug":"lajuntament-de-valencia-dona-el-ok-a-juan-roig","status":"publish","type":"post","link":"https:\/\/gepacv.org\/vlc\/lajuntament-de-valencia-dona-el-ok-a-juan-roig\/","title":{"rendered":"L&#8217;Ajuntament de Val\u00e8ncia d\u00f3na el \u00abOk\u00bb a Juan Roig."},"content":{"rendered":"\n<p>L&#8217;Ajuntament de Val\u00e8ncia ha autoritzat la cessi\u00f3 de la parcel\u00b7la municipal a Juan Roig, qui invertir\u00e0 220 milions d&#8217;Euros per a al\u00e7ar els fonaments del &#8220;Valencia Arena&#8221;.<\/p>\n\n\n\n<p> La cessi\u00f3 ser\u00e0 per als pr\u00f2xims 50 anys junt amb un C\u00e0non anual de 200.000\u20ac. <\/p>\n\n\n\n<p>Tot apunta que les obres podrien comen\u00e7ar este mateix estiu, i amb idea clara d&#8217;inaugurar-ho per al pr\u00f2xim 2023. Gr\u00e0cies a este projecte la ciutat de Val\u00e8ncia podr\u00e0 veure&#8217;s beneficiada arribant a crear-se m\u00e9s de 300 ocupacions, directes i indirectes, a m\u00e9s de tindre un impacte econ\u00f2mic (PIB) en la ciutat que podr\u00e7ia superar els 10 milions anuals.<\/p>\n","protected":false},"excerpt":{"rendered":"<p>L&#8217;Ajuntament de Val\u00e8ncia ha autoritzat la cessi\u00f3 de la parcel\u00b7la municipal a Juan Roig, qui invertir\u00e0 220 milions d&#8217;Euros per a al\u00e7ar els fonaments del &#8220;Valencia Arena&#8221;. La cessi\u00f3 ser\u00e0 per als pr\u00f2xims 50 anys junt amb un C\u00e0non anual de 200.000\u20ac. Tot apunta que les obres podrien comen\u00e7ar este mateix estiu, i amb idea [&hellip;]<\/p>\n","protected":false},"author":231,"featured_media":9981,"comment_status":"open","ping_status":"open","sticky":true,"template":"","format":"standard","meta":{"footnotes":""},"categories":[1881,1021],"tags":[],"class_list":["post-9986","post","type-post","status-publish","format-standard","has-post-thumbnail","hentry","category-noticies","category-sin-categoria-ca"],"yoast_head":"<!-- This site is optimized with the Yoast SEO plugin v27.5 - https:\/\/yoast.com\/product\/yoast-seo-wordpress\/ -->\n<title>L&#039;Ajuntament de Val\u00e8ncia d\u00f3na el \u00abOk\u00bb a Juan Roig. - GEPACV<\/title>\n<meta name=\"robots\" content=\"index, follow, max-snippet:-1, max-image-preview:large, max-video-preview:-1\" \/>\n<link rel=\"canonical\" href=\"https:\/\/gepacv.org\/vlc\/lajuntament-de-valencia-dona-el-ok-a-juan-roig\/\" \/>\n<meta property=\"og:locale\" content=\"en_US\" \/>\n<meta property=\"og:type\" content=\"article\" \/>\n<meta property=\"og:title\" content=\"L&#039;Ajuntament de Val\u00e8ncia d\u00f3na el \u00abOk\u00bb a Juan Roig. - GEPACV\" \/>\n<meta property=\"og:description\" content=\"L&#8217;Ajuntament de Val\u00e8ncia ha autoritzat la cessi\u00f3 de la parcel\u00b7la municipal a Juan Roig, qui invertir\u00e0 220 milions d&#8217;Euros per a al\u00e7ar els fonaments del &#8220;Valencia Arena&#8221;. La cessi\u00f3 ser\u00e0 per als pr\u00f2xims 50 anys junt amb un C\u00e0non anual de 200.000\u20ac. Tot apunta que les obres podrien comen\u00e7ar este mateix estiu, i amb idea [&hellip;]\" \/>\n<meta property=\"og:url\" content=\"https:\/\/gepacv.org\/vlc\/lajuntament-de-valencia-dona-el-ok-a-juan-roig\/\" \/>\n<meta property=\"og:site_name\" content=\"GEPACV\" \/>\n<meta property=\"article:author\" content=\"https:\/\/www.facebook.com\/GEPACV\" \/>\n<meta property=\"article:published_time\" content=\"2020-06-23T07:57:43+00:00\" \/>\n<meta property=\"article:modified_time\" content=\"2020-06-23T07:57:47+00:00\" \/>\n<meta property=\"og:image\" content=\"https:\/\/gepacv.org\/wp-content\/uploads\/2020\/06\/arena-U305824982346NI-624x385@Las-Provincias-LasProvincias.jpg\" \/>\n\t<meta property=\"og:image:width\" content=\"622\" \/>\n\t<meta property=\"og:image:height\" content=\"385\" \/>\n\t<meta property=\"og:image:type\" content=\"image\/jpeg\" \/>\n<meta name=\"author\" content=\"GEPACV\" \/>\n<meta name=\"twitter:label1\" content=\"Written by\" \/>\n\t<meta name=\"twitter:data1\" content=\"GEPACV\" \/>\n\t<meta name=\"twitter:label2\" content=\"Est. reading time\" \/>\n\t<meta name=\"twitter:data2\" content=\"1 minute\" \/>\n<script type=\"application\/ld+json\" class=\"yoast-schema-graph\">{\"@context\":\"https:\\\/\\\/schema.org\",\"@graph\":[{\"@type\":\"Article\",\"@id\":\"https:\\\/\\\/gepacv.org\\\/vlc\\\/lajuntament-de-valencia-dona-el-ok-a-juan-roig\\\/#article\",\"isPartOf\":{\"@id\":\"https:\\\/\\\/gepacv.org\\\/vlc\\\/lajuntament-de-valencia-dona-el-ok-a-juan-roig\\\/\"},\"author\":{\"name\":\"GEPACV\",\"@id\":\"https:\\\/\\\/gepacv.org\\\/vlc\\\/#\\\/schema\\\/person\\\/9ac3852e7920f4fcaa9793f029983eb3\"},\"headline\":\"L&#8217;Ajuntament de Val\u00e8ncia d\u00f3na el \u00abOk\u00bb a Juan Roig.\",\"datePublished\":\"2020-06-23T07:57:43+00:00\",\"dateModified\":\"2020-06-23T07:57:47+00:00\",\"mainEntityOfPage\":{\"@id\":\"https:\\\/\\\/gepacv.org\\\/vlc\\\/lajuntament-de-valencia-dona-el-ok-a-juan-roig\\\/\"},\"wordCount\":123,\"commentCount\":0,\"publisher\":{\"@id\":\"https:\\\/\\\/gepacv.org\\\/vlc\\\/#organization\"},\"image\":{\"@id\":\"https:\\\/\\\/gepacv.org\\\/vlc\\\/lajuntament-de-valencia-dona-el-ok-a-juan-roig\\\/#primaryimage\"},\"thumbnailUrl\":\"https:\\\/\\\/gepacv.org\\\/wp-content\\\/uploads\\\/2020\\\/06\\\/arena-U305824982346NI-624x385@Las-Provincias-LasProvincias.jpg\",\"articleSection\":[\"Noticies\",\"Sin categor\u00eda\"],\"inLanguage\":\"val\",\"potentialAction\":[{\"@type\":\"CommentAction\",\"name\":\"Comment\",\"target\":[\"https:\\\/\\\/gepacv.org\\\/vlc\\\/lajuntament-de-valencia-dona-el-ok-a-juan-roig\\\/#respond\"]}]},{\"@type\":\"WebPage\",\"@id\":\"https:\\\/\\\/gepacv.org\\\/vlc\\\/lajuntament-de-valencia-dona-el-ok-a-juan-roig\\\/\",\"url\":\"https:\\\/\\\/gepacv.org\\\/vlc\\\/lajuntament-de-valencia-dona-el-ok-a-juan-roig\\\/\",\"name\":\"L'Ajuntament de Val\u00e8ncia d\u00f3na el \u00abOk\u00bb a Juan Roig. - GEPACV\",\"isPartOf\":{\"@id\":\"https:\\\/\\\/gepacv.org\\\/vlc\\\/#website\"},\"primaryImageOfPage\":{\"@id\":\"https:\\\/\\\/gepacv.org\\\/vlc\\\/lajuntament-de-valencia-dona-el-ok-a-juan-roig\\\/#primaryimage\"},\"image\":{\"@id\":\"https:\\\/\\\/gepacv.org\\\/vlc\\\/lajuntament-de-valencia-dona-el-ok-a-juan-roig\\\/#primaryimage\"},\"thumbnailUrl\":\"https:\\\/\\\/gepacv.org\\\/wp-content\\\/uploads\\\/2020\\\/06\\\/arena-U305824982346NI-624x385@Las-Provincias-LasProvincias.jpg\",\"datePublished\":\"2020-06-23T07:57:43+00:00\",\"dateModified\":\"2020-06-23T07:57:47+00:00\",\"breadcrumb\":{\"@id\":\"https:\\\/\\\/gepacv.org\\\/vlc\\\/lajuntament-de-valencia-dona-el-ok-a-juan-roig\\\/#breadcrumb\"},\"inLanguage\":\"val\",\"potentialAction\":[{\"@type\":\"ReadAction\",\"target\":[\"https:\\\/\\\/gepacv.org\\\/vlc\\\/lajuntament-de-valencia-dona-el-ok-a-juan-roig\\\/\"]}]},{\"@type\":\"ImageObject\",\"inLanguage\":\"val\",\"@id\":\"https:\\\/\\\/gepacv.org\\\/vlc\\\/lajuntament-de-valencia-dona-el-ok-a-juan-roig\\\/#primaryimage\",\"url\":\"https:\\\/\\\/gepacv.org\\\/wp-content\\\/uploads\\\/2020\\\/06\\\/arena-U305824982346NI-624x385@Las-Provincias-LasProvincias.jpg\",\"contentUrl\":\"https:\\\/\\\/gepacv.org\\\/wp-content\\\/uploads\\\/2020\\\/06\\\/arena-U305824982346NI-624x385@Las-Provincias-LasProvincias.jpg\",\"width\":622,\"height\":385},{\"@type\":\"BreadcrumbList\",\"@id\":\"https:\\\/\\\/gepacv.org\\\/vlc\\\/lajuntament-de-valencia-dona-el-ok-a-juan-roig\\\/#breadcrumb\",\"itemListElement\":[{\"@type\":\"ListItem\",\"position\":1,\"name\":\"Inicio\",\"item\":\"https:\\\/\\\/gepacv.org\\\/vlc\\\/\"},{\"@type\":\"ListItem\",\"position\":2,\"name\":\"L&#8217;Ajuntament de Val\u00e8ncia d\u00f3na el \u00abOk\u00bb a Juan Roig.\"}]},{\"@type\":\"WebSite\",\"@id\":\"https:\\\/\\\/gepacv.org\\\/vlc\\\/#website\",\"url\":\"https:\\\/\\\/gepacv.org\\\/vlc\\\/\",\"name\":\"GEPACV\",\"description\":\"Asociaci\u00f3n de Gestores Deportivos de la Comunidad Valenciana\",\"publisher\":{\"@id\":\"https:\\\/\\\/gepacv.org\\\/vlc\\\/#organization\"},\"potentialAction\":[{\"@type\":\"SearchAction\",\"target\":{\"@type\":\"EntryPoint\",\"urlTemplate\":\"https:\\\/\\\/gepacv.org\\\/vlc\\\/?s={search_term_string}\"},\"query-input\":{\"@type\":\"PropertyValueSpecification\",\"valueRequired\":true,\"valueName\":\"search_term_string\"}}],\"inLanguage\":\"val\"},{\"@type\":\"Organization\",\"@id\":\"https:\\\/\\\/gepacv.org\\\/vlc\\\/#organization\",\"name\":\"GEPACV\",\"url\":\"https:\\\/\\\/gepacv.org\\\/vlc\\\/\",\"logo\":{\"@type\":\"ImageObject\",\"inLanguage\":\"val\",\"@id\":\"https:\\\/\\\/gepacv.org\\\/vlc\\\/#\\\/schema\\\/logo\\\/image\\\/\",\"url\":\"https:\\\/\\\/gepacv.org\\\/wp-content\\\/uploads\\\/2020\\\/05\\\/GEPACV_LOGOTIPO.png\",\"contentUrl\":\"https:\\\/\\\/gepacv.org\\\/wp-content\\\/uploads\\\/2020\\\/05\\\/GEPACV_LOGOTIPO.png\",\"width\":500,\"height\":68,\"caption\":\"GEPACV\"},\"image\":{\"@id\":\"https:\\\/\\\/gepacv.org\\\/vlc\\\/#\\\/schema\\\/logo\\\/image\\\/\"}},{\"@type\":\"Person\",\"@id\":\"https:\\\/\\\/gepacv.org\\\/vlc\\\/#\\\/schema\\\/person\\\/9ac3852e7920f4fcaa9793f029983eb3\",\"name\":\"GEPACV\",\"image\":{\"@type\":\"ImageObject\",\"inLanguage\":\"val\",\"@id\":\"https:\\\/\\\/secure.gravatar.com\\\/avatar\\\/0d2e74b929739cda74066dd5f4b7dc8145e293e530adfcc32b407fcecb69675d?s=96&d=mm&r=g\",\"url\":\"https:\\\/\\\/secure.gravatar.com\\\/avatar\\\/0d2e74b929739cda74066dd5f4b7dc8145e293e530adfcc32b407fcecb69675d?s=96&d=mm&r=g\",\"contentUrl\":\"https:\\\/\\\/secure.gravatar.com\\\/avatar\\\/0d2e74b929739cda74066dd5f4b7dc8145e293e530adfcc32b407fcecb69675d?s=96&d=mm&r=g\",\"caption\":\"GEPACV\"},\"sameAs\":[\"https:\\\/\\\/www.facebook.com\\\/GEPACV\",\"https:\\\/\\\/x.com\\\/gepacv\"]}]}<\/script>\n<!-- \/ Yoast SEO plugin. -->","yoast_head_json":{"title":"L'Ajuntament de Val\u00e8ncia d\u00f3na el \u00abOk\u00bb a Juan Roig. - GEPACV","robots":{"index":"index","follow":"follow","max-snippet":"max-snippet:-1","max-image-preview":"max-image-preview:large","max-video-preview":"max-video-preview:-1"},"canonical":"https:\/\/gepacv.org\/vlc\/lajuntament-de-valencia-dona-el-ok-a-juan-roig\/","og_locale":"en_US","og_type":"article","og_title":"L'Ajuntament de Val\u00e8ncia d\u00f3na el \u00abOk\u00bb a Juan Roig. - GEPACV","og_description":"L&#8217;Ajuntament de Val\u00e8ncia ha autoritzat la cessi\u00f3 de la parcel\u00b7la municipal a Juan Roig, qui invertir\u00e0 220 milions d&#8217;Euros per a al\u00e7ar els fonaments del &#8220;Valencia Arena&#8221;. La cessi\u00f3 ser\u00e0 per als pr\u00f2xims 50 anys junt amb un C\u00e0non anual de 200.000\u20ac. Tot apunta que les obres podrien comen\u00e7ar este mateix estiu, i amb idea [&hellip;]","og_url":"https:\/\/gepacv.org\/vlc\/lajuntament-de-valencia-dona-el-ok-a-juan-roig\/","og_site_name":"GEPACV","article_author":"https:\/\/www.facebook.com\/GEPACV","article_published_time":"2020-06-23T07:57:43+00:00","article_modified_time":"2020-06-23T07:57:47+00:00","og_image":[{"width":622,"height":385,"url":"https:\/\/gepacv.org\/wp-content\/uploads\/2020\/06\/arena-U305824982346NI-624x385@Las-Provincias-LasProvincias.jpg","type":"image\/jpeg"}],"author":"GEPACV","twitter_misc":{"Written by":"GEPACV","Est. reading time":"1 minute"},"schema":{"@context":"https:\/\/schema.org","@graph":[{"@type":"Article","@id":"https:\/\/gepacv.org\/vlc\/lajuntament-de-valencia-dona-el-ok-a-juan-roig\/#article","isPartOf":{"@id":"https:\/\/gepacv.org\/vlc\/lajuntament-de-valencia-dona-el-ok-a-juan-roig\/"},"author":{"name":"GEPACV","@id":"https:\/\/gepacv.org\/vlc\/#\/schema\/person\/9ac3852e7920f4fcaa9793f029983eb3"},"headline":"L&#8217;Ajuntament de Val\u00e8ncia d\u00f3na el \u00abOk\u00bb a Juan Roig.","datePublished":"2020-06-23T07:57:43+00:00","dateModified":"2020-06-23T07:57:47+00:00","mainEntityOfPage":{"@id":"https:\/\/gepacv.org\/vlc\/lajuntament-de-valencia-dona-el-ok-a-juan-roig\/"},"wordCount":123,"commentCount":0,"publisher":{"@id":"https:\/\/gepacv.org\/vlc\/#organization"},"image":{"@id":"https:\/\/gepacv.org\/vlc\/lajuntament-de-valencia-dona-el-ok-a-juan-roig\/#primaryimage"},"thumbnailUrl":"https:\/\/gepacv.org\/wp-content\/uploads\/2020\/06\/arena-U305824982346NI-624x385@Las-Provincias-LasProvincias.jpg","articleSection":["Noticies","Sin categor\u00eda"],"inLanguage":"val","potentialAction":[{"@type":"CommentAction","name":"Comment","target":["https:\/\/gepacv.org\/vlc\/lajuntament-de-valencia-dona-el-ok-a-juan-roig\/#respond"]}]},{"@type":"WebPage","@id":"https:\/\/gepacv.org\/vlc\/lajuntament-de-valencia-dona-el-ok-a-juan-roig\/","url":"https:\/\/gepacv.org\/vlc\/lajuntament-de-valencia-dona-el-ok-a-juan-roig\/","name":"L'Ajuntament de Val\u00e8ncia d\u00f3na el \u00abOk\u00bb a Juan Roig. - GEPACV","isPartOf":{"@id":"https:\/\/gepacv.org\/vlc\/#website"},"primaryImageOfPage":{"@id":"https:\/\/gepacv.org\/vlc\/lajuntament-de-valencia-dona-el-ok-a-juan-roig\/#primaryimage"},"image":{"@id":"https:\/\/gepacv.org\/vlc\/lajuntament-de-valencia-dona-el-ok-a-juan-roig\/#primaryimage"},"thumbnailUrl":"https:\/\/gepacv.org\/wp-content\/uploads\/2020\/06\/arena-U305824982346NI-624x385@Las-Provincias-LasProvincias.jpg","datePublished":"2020-06-23T07:57:43+00:00","dateModified":"2020-06-23T07:57:47+00:00","breadcrumb":{"@id":"https:\/\/gepacv.org\/vlc\/lajuntament-de-valencia-dona-el-ok-a-juan-roig\/#breadcrumb"},"inLanguage":"val","potentialAction":[{"@type":"ReadAction","target":["https:\/\/gepacv.org\/vlc\/lajuntament-de-valencia-dona-el-ok-a-juan-roig\/"]}]},{"@type":"ImageObject","inLanguage":"val","@id":"https:\/\/gepacv.org\/vlc\/lajuntament-de-valencia-dona-el-ok-a-juan-roig\/#primaryimage","url":"https:\/\/gepacv.org\/wp-content\/uploads\/2020\/06\/arena-U305824982346NI-624x385@Las-Provincias-LasProvincias.jpg","contentUrl":"https:\/\/gepacv.org\/wp-content\/uploads\/2020\/06\/arena-U305824982346NI-624x385@Las-Provincias-LasProvincias.jpg","width":622,"height":385},{"@type":"BreadcrumbList","@id":"https:\/\/gepacv.org\/vlc\/lajuntament-de-valencia-dona-el-ok-a-juan-roig\/#breadcrumb","itemListElement":[{"@type":"ListItem","position":1,"name":"Inicio","item":"https:\/\/gepacv.org\/vlc\/"},{"@type":"ListItem","position":2,"name":"L&#8217;Ajuntament de Val\u00e8ncia d\u00f3na el \u00abOk\u00bb a Juan Roig."}]},{"@type":"WebSite","@id":"https:\/\/gepacv.org\/vlc\/#website","url":"https:\/\/gepacv.org\/vlc\/","name":"GEPACV","description":"Asociaci\u00f3n de Gestores Deportivos de la Comunidad Valenciana","publisher":{"@id":"https:\/\/gepacv.org\/vlc\/#organization"},"potentialAction":[{"@type":"SearchAction","target":{"@type":"EntryPoint","urlTemplate":"https:\/\/gepacv.org\/vlc\/?s={search_term_string}"},"query-input":{"@type":"PropertyValueSpecification","valueRequired":true,"valueName":"search_term_string"}}],"inLanguage":"val"},{"@type":"Organization","@id":"https:\/\/gepacv.org\/vlc\/#organization","name":"GEPACV","url":"https:\/\/gepacv.org\/vlc\/","logo":{"@type":"ImageObject","inLanguage":"val","@id":"https:\/\/gepacv.org\/vlc\/#\/schema\/logo\/image\/","url":"https:\/\/gepacv.org\/wp-content\/uploads\/2020\/05\/GEPACV_LOGOTIPO.png","contentUrl":"https:\/\/gepacv.org\/wp-content\/uploads\/2020\/05\/GEPACV_LOGOTIPO.png","width":500,"height":68,"caption":"GEPACV"},"image":{"@id":"https:\/\/gepacv.org\/vlc\/#\/schema\/logo\/image\/"}},{"@type":"Person","@id":"https:\/\/gepacv.org\/vlc\/#\/schema\/person\/9ac3852e7920f4fcaa9793f029983eb3","name":"GEPACV","image":{"@type":"ImageObject","inLanguage":"val","@id":"https:\/\/secure.gravatar.com\/avatar\/0d2e74b929739cda74066dd5f4b7dc8145e293e530adfcc32b407fcecb69675d?s=96&d=mm&r=g","url":"https:\/\/secure.gravatar.com\/avatar\/0d2e74b929739cda74066dd5f4b7dc8145e293e530adfcc32b407fcecb69675d?s=96&d=mm&r=g","contentUrl":"https:\/\/secure.gravatar.com\/avatar\/0d2e74b929739cda74066dd5f4b7dc8145e293e530adfcc32b407fcecb69675d?s=96&d=mm&r=g","caption":"GEPACV"},"sameAs":["https:\/\/www.facebook.com\/GEPACV","https:\/\/x.com\/gepacv"]}]}},"_links":{"self":[{"href":"https:\/\/gepacv.org\/vlc\/wp-json\/wp\/v2\/posts\/9986","targetHints":{"allow":["GET"]}}],"collection":[{"href":"https:\/\/gepacv.org\/vlc\/wp-json\/wp\/v2\/posts"}],"about":[{"href":"https:\/\/gepacv.org\/vlc\/wp-json\/wp\/v2\/types\/post"}],"author":[{"embeddable":true,"href":"https:\/\/gepacv.org\/vlc\/wp-json\/wp\/v2\/users\/231"}],"replies":[{"embeddable":true,"href":"https:\/\/gepacv.org\/vlc\/wp-json\/wp\/v2\/comments?post=9986"}],"version-history":[{"count":0,"href":"https:\/\/gepacv.org\/vlc\/wp-json\/wp\/v2\/posts\/9986\/revisions"}],"wp:featuredmedia":[{"embeddable":true,"href":"https:\/\/gepacv.org\/vlc\/wp-json\/wp\/v2\/media\/9981"}],"wp:attachment":[{"href":"https:\/\/gepacv.org\/vlc\/wp-json\/wp\/v2\/media?parent=9986"}],"wp:term":[{"taxonomy":"category","embeddable":true,"href":"https:\/\/gepacv.org\/vlc\/wp-json\/wp\/v2\/categories?post=9986"},{"taxonomy":"post_tag","embeddable":true,"href":"https:\/\/gepacv.org\/vlc\/wp-json\/wp\/v2\/tags?post=9986"}],"curies":[{"name":"wp","href":"https:\/\/api.w.org\/{rel}","templated":true}]}}