{"id":9988,"date":"2020-06-23T10:04:14","date_gmt":"2020-06-23T08:04:14","guid":{"rendered":"https:\/\/www.gepacv.org\/?p=9988"},"modified":"2022-07-13T19:34:49","modified_gmt":"2022-07-13T17:34:49","slug":"gepacv-assessora-a-lalcudia-en-una-nova-jornada-per-a-la-reincorporacion-progressiva-de-lactivitat-fisica-i-lesport-post-covid19","status":"publish","type":"post","link":"https:\/\/gepacv.org\/vlc\/gepacv-assessora-a-lalcudia-en-una-nova-jornada-per-a-la-reincorporacion-progressiva-de-lactivitat-fisica-i-lesport-post-covid19\/","title":{"rendered":"GEPACV assessora a L\u00b4Alc\u00fadia en una nova jornada per a la &#8220;Reincorporaci\u00f3n progressiva de l&#8217;activitat f\u00edsica i l&#8217;esport post COVID19&#8221;"},"content":{"rendered":"\n<p>Divendres passat 19 de juny, GEPACV va estar en L\u00b4Alc\u00fadia desenrotllant una nova jornada dins del marc de formaci\u00f3 i assessorament del programa \u00abLa reincorporaci\u00f3 progressiva de l&#8217;activitat f\u00edsica i l&#8217;esport post COVID19\u00bb, que l&#8217;entitat oferix als municipis de la Comunitat Valenciana.<\/p>\n\n\n\n<p>Al voltant de 40 persones responsables de les pol\u00edtiques esportives del municipi i representants dels clubs i altres entitats esportives van participar activament durant la sessi\u00f3, on es va parlar de la normativa actual que marca la volta a la pr\u00e0ctica esportiva, aix\u00ed com les recomanacions en gesti\u00f3 d&#8217;instal\u00b7lacions i clubs esportius per a garantir la m\u00e0xima seguretat als i les esportistes en la seua volta als entrenaments.<\/p>\n\n\n\n<p>\u00a0En la jornada, organitzada pel servici d&#8217;esports municipal, va intervindre i va assistir l&#8217;Alcalde de L\u00b4Alc\u00fadia, Andreu Salom Porta, i la regidora d&#8217;esports, Isabel madramany Sanch\u00eds.<\/p>\n\n\n\n<figure class=\"wp-block-gallery columns-1 is-cropped wp-block-gallery-2 is-layout-flex wp-block-gallery-is-layout-flex\"><ul class=\"blocks-gallery-grid\"><li class=\"blocks-gallery-item\"><figure><img loading=\"lazy\" decoding=\"async\" width=\"1200\" height=\"800\" src=\"https:\/\/i2.wp.com\/www.gepacv.org\/wp-content\/uploads\/2020\/06\/Foto-4-3-scaled.jpg?fit=800%2C534\" alt=\"\" data-id=\"9991\" data-full-url=\"https:\/\/i2.wp.com\/www.gepacv.org\/wp-content\/uploads\/2020\/06\/Foto-4-3-scaled.jpg?fit=2560%2C1707\" data-link=\"https:\/\/gepacv.org\/?attachment_id=9991\" class=\"wp-image-9991\" srcset=\"https:\/\/gepacv.org\/wp-content\/uploads\/2020\/06\/Foto-4-3-scaled.jpg 1200w, https:\/\/gepacv.org\/wp-content\/uploads\/2020\/06\/Foto-4-3-scaled-300x200.jpg 300w, https:\/\/gepacv.org\/wp-content\/uploads\/2020\/06\/Foto-4-3-scaled-1024x683.jpg 1024w, https:\/\/gepacv.org\/wp-content\/uploads\/2020\/06\/Foto-4-3-scaled-768x512.jpg 768w, https:\/\/gepacv.org\/wp-content\/uploads\/2020\/06\/Foto-4-3-1536x1024.jpg 1536w, https:\/\/gepacv.org\/wp-content\/uploads\/2020\/06\/Foto-4-3-2048x1365.jpg 2048w\" sizes=\"auto, (max-width: 1200px) 100vw, 1200px\" \/><\/figure><\/li><\/ul><\/figure>\n","protected":false},"excerpt":{"rendered":"<p>Divendres passat 19 de juny, GEPACV va estar en L\u00b4Alc\u00fadia desenrotllant una nova jornada dins del marc de formaci\u00f3 i assessorament del programa \u00abLa reincorporaci\u00f3 progressiva de l&#8217;activitat f\u00edsica i l&#8217;esport post COVID19\u00bb, que l&#8217;entitat oferix als municipis de la Comunitat Valenciana. Al voltant de 40 persones responsables de les pol\u00edtiques esportives del municipi i [&hellip;]<\/p>\n","protected":false},"author":231,"featured_media":9975,"comment_status":"open","ping_status":"open","sticky":true,"template":"","format":"standard","meta":{"footnotes":""},"categories":[1881],"tags":[],"class_list":["post-9988","post","type-post","status-publish","format-standard","has-post-thumbnail","hentry","category-noticies"],"yoast_head":"<!-- This site is optimized with the Yoast SEO plugin v27.5 - https:\/\/yoast.com\/product\/yoast-seo-wordpress\/ -->\n<title>GEPACV assessora a L\u00b4Alc\u00fadia en una nova jornada per a la &quot;Reincorporaci\u00f3n progressiva de l&#039;activitat f\u00edsica i l&#039;esport post COVID19&quot; - GEPACV<\/title>\n<meta name=\"robots\" content=\"index, follow, max-snippet:-1, max-image-preview:large, max-video-preview:-1\" \/>\n<link rel=\"canonical\" href=\"https:\/\/gepacv.org\/vlc\/gepacv-assessora-a-lalcudia-en-una-nova-jornada-per-a-la-reincorporacion-progressiva-de-lactivitat-fisica-i-lesport-post-covid19\/\" \/>\n<meta property=\"og:locale\" content=\"en_US\" \/>\n<meta property=\"og:type\" content=\"article\" \/>\n<meta property=\"og:title\" content=\"GEPACV assessora a L\u00b4Alc\u00fadia en una nova jornada per a la &quot;Reincorporaci\u00f3n progressiva de l&#039;activitat f\u00edsica i l&#039;esport post COVID19&quot; - GEPACV\" \/>\n<meta property=\"og:description\" content=\"Divendres passat 19 de juny, GEPACV va estar en L\u00b4Alc\u00fadia desenrotllant una nova jornada dins del marc de formaci\u00f3 i assessorament del programa \u00abLa reincorporaci\u00f3 progressiva de l&#8217;activitat f\u00edsica i l&#8217;esport post COVID19\u00bb, que l&#8217;entitat oferix als municipis de la Comunitat Valenciana. Al voltant de 40 persones responsables de les pol\u00edtiques esportives del municipi i [&hellip;]\" \/>\n<meta property=\"og:url\" content=\"https:\/\/gepacv.org\/vlc\/gepacv-assessora-a-lalcudia-en-una-nova-jornada-per-a-la-reincorporacion-progressiva-de-lactivitat-fisica-i-lesport-post-covid19\/\" \/>\n<meta property=\"og:site_name\" content=\"GEPACV\" \/>\n<meta property=\"article:author\" content=\"https:\/\/www.facebook.com\/GEPACV\" \/>\n<meta property=\"article:published_time\" content=\"2020-06-23T08:04:14+00:00\" \/>\n<meta property=\"article:modified_time\" content=\"2022-07-13T17:34:49+00:00\" \/>\n<meta property=\"og:image\" content=\"https:\/\/gepacv.org\/wp-content\/uploads\/2020\/06\/Foto-3-scaled.jpg\" \/>\n\t<meta property=\"og:image:width\" content=\"1200\" \/>\n\t<meta property=\"og:image:height\" content=\"800\" \/>\n\t<meta property=\"og:image:type\" content=\"image\/jpeg\" \/>\n<meta name=\"author\" content=\"GEPACV\" \/>\n<meta name=\"twitter:label1\" content=\"Written by\" \/>\n\t<meta name=\"twitter:data1\" content=\"GEPACV\" \/>\n\t<meta name=\"twitter:label2\" content=\"Est. reading time\" \/>\n\t<meta name=\"twitter:data2\" content=\"1 minute\" \/>\n<script type=\"application\/ld+json\" class=\"yoast-schema-graph\">{\"@context\":\"https:\\\/\\\/schema.org\",\"@graph\":[{\"@type\":\"Article\",\"@id\":\"https:\\\/\\\/gepacv.org\\\/vlc\\\/gepacv-assessora-a-lalcudia-en-una-nova-jornada-per-a-la-reincorporacion-progressiva-de-lactivitat-fisica-i-lesport-post-covid19\\\/#article\",\"isPartOf\":{\"@id\":\"https:\\\/\\\/gepacv.org\\\/vlc\\\/gepacv-assessora-a-lalcudia-en-una-nova-jornada-per-a-la-reincorporacion-progressiva-de-lactivitat-fisica-i-lesport-post-covid19\\\/\"},\"author\":{\"name\":\"GEPACV\",\"@id\":\"https:\\\/\\\/gepacv.org\\\/vlc\\\/#\\\/schema\\\/person\\\/9ac3852e7920f4fcaa9793f029983eb3\"},\"headline\":\"GEPACV assessora a L\u00b4Alc\u00fadia en una nova jornada per a la &#8220;Reincorporaci\u00f3n progressiva de l&#8217;activitat f\u00edsica i l&#8217;esport post COVID19&#8221;\",\"datePublished\":\"2020-06-23T08:04:14+00:00\",\"dateModified\":\"2022-07-13T17:34:49+00:00\",\"mainEntityOfPage\":{\"@id\":\"https:\\\/\\\/gepacv.org\\\/vlc\\\/gepacv-assessora-a-lalcudia-en-una-nova-jornada-per-a-la-reincorporacion-progressiva-de-lactivitat-fisica-i-lesport-post-covid19\\\/\"},\"wordCount\":177,\"commentCount\":0,\"publisher\":{\"@id\":\"https:\\\/\\\/gepacv.org\\\/vlc\\\/#organization\"},\"image\":{\"@id\":\"https:\\\/\\\/gepacv.org\\\/vlc\\\/gepacv-assessora-a-lalcudia-en-una-nova-jornada-per-a-la-reincorporacion-progressiva-de-lactivitat-fisica-i-lesport-post-covid19\\\/#primaryimage\"},\"thumbnailUrl\":\"https:\\\/\\\/gepacv.org\\\/wp-content\\\/uploads\\\/2020\\\/06\\\/Foto-3-scaled.jpg\",\"articleSection\":[\"Noticies\"],\"inLanguage\":\"val\",\"potentialAction\":[{\"@type\":\"CommentAction\",\"name\":\"Comment\",\"target\":[\"https:\\\/\\\/gepacv.org\\\/vlc\\\/gepacv-assessora-a-lalcudia-en-una-nova-jornada-per-a-la-reincorporacion-progressiva-de-lactivitat-fisica-i-lesport-post-covid19\\\/#respond\"]}]},{\"@type\":\"WebPage\",\"@id\":\"https:\\\/\\\/gepacv.org\\\/vlc\\\/gepacv-assessora-a-lalcudia-en-una-nova-jornada-per-a-la-reincorporacion-progressiva-de-lactivitat-fisica-i-lesport-post-covid19\\\/\",\"url\":\"https:\\\/\\\/gepacv.org\\\/vlc\\\/gepacv-assessora-a-lalcudia-en-una-nova-jornada-per-a-la-reincorporacion-progressiva-de-lactivitat-fisica-i-lesport-post-covid19\\\/\",\"name\":\"GEPACV assessora a L\u00b4Alc\u00fadia en una nova jornada per a la \\\"Reincorporaci\u00f3n progressiva de l'activitat f\u00edsica i l'esport post COVID19\\\" - GEPACV\",\"isPartOf\":{\"@id\":\"https:\\\/\\\/gepacv.org\\\/vlc\\\/#website\"},\"primaryImageOfPage\":{\"@id\":\"https:\\\/\\\/gepacv.org\\\/vlc\\\/gepacv-assessora-a-lalcudia-en-una-nova-jornada-per-a-la-reincorporacion-progressiva-de-lactivitat-fisica-i-lesport-post-covid19\\\/#primaryimage\"},\"image\":{\"@id\":\"https:\\\/\\\/gepacv.org\\\/vlc\\\/gepacv-assessora-a-lalcudia-en-una-nova-jornada-per-a-la-reincorporacion-progressiva-de-lactivitat-fisica-i-lesport-post-covid19\\\/#primaryimage\"},\"thumbnailUrl\":\"https:\\\/\\\/gepacv.org\\\/wp-content\\\/uploads\\\/2020\\\/06\\\/Foto-3-scaled.jpg\",\"datePublished\":\"2020-06-23T08:04:14+00:00\",\"dateModified\":\"2022-07-13T17:34:49+00:00\",\"breadcrumb\":{\"@id\":\"https:\\\/\\\/gepacv.org\\\/vlc\\\/gepacv-assessora-a-lalcudia-en-una-nova-jornada-per-a-la-reincorporacion-progressiva-de-lactivitat-fisica-i-lesport-post-covid19\\\/#breadcrumb\"},\"inLanguage\":\"val\",\"potentialAction\":[{\"@type\":\"ReadAction\",\"target\":[\"https:\\\/\\\/gepacv.org\\\/vlc\\\/gepacv-assessora-a-lalcudia-en-una-nova-jornada-per-a-la-reincorporacion-progressiva-de-lactivitat-fisica-i-lesport-post-covid19\\\/\"]}]},{\"@type\":\"ImageObject\",\"inLanguage\":\"val\",\"@id\":\"https:\\\/\\\/gepacv.org\\\/vlc\\\/gepacv-assessora-a-lalcudia-en-una-nova-jornada-per-a-la-reincorporacion-progressiva-de-lactivitat-fisica-i-lesport-post-covid19\\\/#primaryimage\",\"url\":\"https:\\\/\\\/gepacv.org\\\/wp-content\\\/uploads\\\/2020\\\/06\\\/Foto-3-scaled.jpg\",\"contentUrl\":\"https:\\\/\\\/gepacv.org\\\/wp-content\\\/uploads\\\/2020\\\/06\\\/Foto-3-scaled.jpg\",\"width\":1200,\"height\":800},{\"@type\":\"BreadcrumbList\",\"@id\":\"https:\\\/\\\/gepacv.org\\\/vlc\\\/gepacv-assessora-a-lalcudia-en-una-nova-jornada-per-a-la-reincorporacion-progressiva-de-lactivitat-fisica-i-lesport-post-covid19\\\/#breadcrumb\",\"itemListElement\":[{\"@type\":\"ListItem\",\"position\":1,\"name\":\"Inicio\",\"item\":\"https:\\\/\\\/gepacv.org\\\/vlc\\\/\"},{\"@type\":\"ListItem\",\"position\":2,\"name\":\"GEPACV assessora a L\u00b4Alc\u00fadia en una nova jornada per a la &#8220;Reincorporaci\u00f3n progressiva de l&#8217;activitat f\u00edsica i l&#8217;esport post COVID19&#8221;\"}]},{\"@type\":\"WebSite\",\"@id\":\"https:\\\/\\\/gepacv.org\\\/vlc\\\/#website\",\"url\":\"https:\\\/\\\/gepacv.org\\\/vlc\\\/\",\"name\":\"GEPACV\",\"description\":\"Asociaci\u00f3n de Gestores Deportivos de la Comunidad Valenciana\",\"publisher\":{\"@id\":\"https:\\\/\\\/gepacv.org\\\/vlc\\\/#organization\"},\"potentialAction\":[{\"@type\":\"SearchAction\",\"target\":{\"@type\":\"EntryPoint\",\"urlTemplate\":\"https:\\\/\\\/gepacv.org\\\/vlc\\\/?s={search_term_string}\"},\"query-input\":{\"@type\":\"PropertyValueSpecification\",\"valueRequired\":true,\"valueName\":\"search_term_string\"}}],\"inLanguage\":\"val\"},{\"@type\":\"Organization\",\"@id\":\"https:\\\/\\\/gepacv.org\\\/vlc\\\/#organization\",\"name\":\"GEPACV\",\"url\":\"https:\\\/\\\/gepacv.org\\\/vlc\\\/\",\"logo\":{\"@type\":\"ImageObject\",\"inLanguage\":\"val\",\"@id\":\"https:\\\/\\\/gepacv.org\\\/vlc\\\/#\\\/schema\\\/logo\\\/image\\\/\",\"url\":\"https:\\\/\\\/gepacv.org\\\/wp-content\\\/uploads\\\/2020\\\/05\\\/GEPACV_LOGOTIPO.png\",\"contentUrl\":\"https:\\\/\\\/gepacv.org\\\/wp-content\\\/uploads\\\/2020\\\/05\\\/GEPACV_LOGOTIPO.png\",\"width\":500,\"height\":68,\"caption\":\"GEPACV\"},\"image\":{\"@id\":\"https:\\\/\\\/gepacv.org\\\/vlc\\\/#\\\/schema\\\/logo\\\/image\\\/\"}},{\"@type\":\"Person\",\"@id\":\"https:\\\/\\\/gepacv.org\\\/vlc\\\/#\\\/schema\\\/person\\\/9ac3852e7920f4fcaa9793f029983eb3\",\"name\":\"GEPACV\",\"image\":{\"@type\":\"ImageObject\",\"inLanguage\":\"val\",\"@id\":\"https:\\\/\\\/secure.gravatar.com\\\/avatar\\\/0d2e74b929739cda74066dd5f4b7dc8145e293e530adfcc32b407fcecb69675d?s=96&d=mm&r=g\",\"url\":\"https:\\\/\\\/secure.gravatar.com\\\/avatar\\\/0d2e74b929739cda74066dd5f4b7dc8145e293e530adfcc32b407fcecb69675d?s=96&d=mm&r=g\",\"contentUrl\":\"https:\\\/\\\/secure.gravatar.com\\\/avatar\\\/0d2e74b929739cda74066dd5f4b7dc8145e293e530adfcc32b407fcecb69675d?s=96&d=mm&r=g\",\"caption\":\"GEPACV\"},\"sameAs\":[\"https:\\\/\\\/www.facebook.com\\\/GEPACV\",\"https:\\\/\\\/x.com\\\/gepacv\"]}]}<\/script>\n<!-- \/ Yoast SEO plugin. -->","yoast_head_json":{"title":"GEPACV assessora a L\u00b4Alc\u00fadia en una nova jornada per a la \"Reincorporaci\u00f3n progressiva de l'activitat f\u00edsica i l'esport post COVID19\" - GEPACV","robots":{"index":"index","follow":"follow","max-snippet":"max-snippet:-1","max-image-preview":"max-image-preview:large","max-video-preview":"max-video-preview:-1"},"canonical":"https:\/\/gepacv.org\/vlc\/gepacv-assessora-a-lalcudia-en-una-nova-jornada-per-a-la-reincorporacion-progressiva-de-lactivitat-fisica-i-lesport-post-covid19\/","og_locale":"en_US","og_type":"article","og_title":"GEPACV assessora a L\u00b4Alc\u00fadia en una nova jornada per a la \"Reincorporaci\u00f3n progressiva de l'activitat f\u00edsica i l'esport post COVID19\" - GEPACV","og_description":"Divendres passat 19 de juny, GEPACV va estar en L\u00b4Alc\u00fadia desenrotllant una nova jornada dins del marc de formaci\u00f3 i assessorament del programa \u00abLa reincorporaci\u00f3 progressiva de l&#8217;activitat f\u00edsica i l&#8217;esport post COVID19\u00bb, que l&#8217;entitat oferix als municipis de la Comunitat Valenciana. Al voltant de 40 persones responsables de les pol\u00edtiques esportives del municipi i [&hellip;]","og_url":"https:\/\/gepacv.org\/vlc\/gepacv-assessora-a-lalcudia-en-una-nova-jornada-per-a-la-reincorporacion-progressiva-de-lactivitat-fisica-i-lesport-post-covid19\/","og_site_name":"GEPACV","article_author":"https:\/\/www.facebook.com\/GEPACV","article_published_time":"2020-06-23T08:04:14+00:00","article_modified_time":"2022-07-13T17:34:49+00:00","og_image":[{"width":1200,"height":800,"url":"https:\/\/gepacv.org\/wp-content\/uploads\/2020\/06\/Foto-3-scaled.jpg","type":"image\/jpeg"}],"author":"GEPACV","twitter_misc":{"Written by":"GEPACV","Est. reading time":"1 minute"},"schema":{"@context":"https:\/\/schema.org","@graph":[{"@type":"Article","@id":"https:\/\/gepacv.org\/vlc\/gepacv-assessora-a-lalcudia-en-una-nova-jornada-per-a-la-reincorporacion-progressiva-de-lactivitat-fisica-i-lesport-post-covid19\/#article","isPartOf":{"@id":"https:\/\/gepacv.org\/vlc\/gepacv-assessora-a-lalcudia-en-una-nova-jornada-per-a-la-reincorporacion-progressiva-de-lactivitat-fisica-i-lesport-post-covid19\/"},"author":{"name":"GEPACV","@id":"https:\/\/gepacv.org\/vlc\/#\/schema\/person\/9ac3852e7920f4fcaa9793f029983eb3"},"headline":"GEPACV assessora a L\u00b4Alc\u00fadia en una nova jornada per a la &#8220;Reincorporaci\u00f3n progressiva de l&#8217;activitat f\u00edsica i l&#8217;esport post COVID19&#8221;","datePublished":"2020-06-23T08:04:14+00:00","dateModified":"2022-07-13T17:34:49+00:00","mainEntityOfPage":{"@id":"https:\/\/gepacv.org\/vlc\/gepacv-assessora-a-lalcudia-en-una-nova-jornada-per-a-la-reincorporacion-progressiva-de-lactivitat-fisica-i-lesport-post-covid19\/"},"wordCount":177,"commentCount":0,"publisher":{"@id":"https:\/\/gepacv.org\/vlc\/#organization"},"image":{"@id":"https:\/\/gepacv.org\/vlc\/gepacv-assessora-a-lalcudia-en-una-nova-jornada-per-a-la-reincorporacion-progressiva-de-lactivitat-fisica-i-lesport-post-covid19\/#primaryimage"},"thumbnailUrl":"https:\/\/gepacv.org\/wp-content\/uploads\/2020\/06\/Foto-3-scaled.jpg","articleSection":["Noticies"],"inLanguage":"val","potentialAction":[{"@type":"CommentAction","name":"Comment","target":["https:\/\/gepacv.org\/vlc\/gepacv-assessora-a-lalcudia-en-una-nova-jornada-per-a-la-reincorporacion-progressiva-de-lactivitat-fisica-i-lesport-post-covid19\/#respond"]}]},{"@type":"WebPage","@id":"https:\/\/gepacv.org\/vlc\/gepacv-assessora-a-lalcudia-en-una-nova-jornada-per-a-la-reincorporacion-progressiva-de-lactivitat-fisica-i-lesport-post-covid19\/","url":"https:\/\/gepacv.org\/vlc\/gepacv-assessora-a-lalcudia-en-una-nova-jornada-per-a-la-reincorporacion-progressiva-de-lactivitat-fisica-i-lesport-post-covid19\/","name":"GEPACV assessora a L\u00b4Alc\u00fadia en una nova jornada per a la \"Reincorporaci\u00f3n progressiva de l'activitat f\u00edsica i l'esport post COVID19\" - GEPACV","isPartOf":{"@id":"https:\/\/gepacv.org\/vlc\/#website"},"primaryImageOfPage":{"@id":"https:\/\/gepacv.org\/vlc\/gepacv-assessora-a-lalcudia-en-una-nova-jornada-per-a-la-reincorporacion-progressiva-de-lactivitat-fisica-i-lesport-post-covid19\/#primaryimage"},"image":{"@id":"https:\/\/gepacv.org\/vlc\/gepacv-assessora-a-lalcudia-en-una-nova-jornada-per-a-la-reincorporacion-progressiva-de-lactivitat-fisica-i-lesport-post-covid19\/#primaryimage"},"thumbnailUrl":"https:\/\/gepacv.org\/wp-content\/uploads\/2020\/06\/Foto-3-scaled.jpg","datePublished":"2020-06-23T08:04:14+00:00","dateModified":"2022-07-13T17:34:49+00:00","breadcrumb":{"@id":"https:\/\/gepacv.org\/vlc\/gepacv-assessora-a-lalcudia-en-una-nova-jornada-per-a-la-reincorporacion-progressiva-de-lactivitat-fisica-i-lesport-post-covid19\/#breadcrumb"},"inLanguage":"val","potentialAction":[{"@type":"ReadAction","target":["https:\/\/gepacv.org\/vlc\/gepacv-assessora-a-lalcudia-en-una-nova-jornada-per-a-la-reincorporacion-progressiva-de-lactivitat-fisica-i-lesport-post-covid19\/"]}]},{"@type":"ImageObject","inLanguage":"val","@id":"https:\/\/gepacv.org\/vlc\/gepacv-assessora-a-lalcudia-en-una-nova-jornada-per-a-la-reincorporacion-progressiva-de-lactivitat-fisica-i-lesport-post-covid19\/#primaryimage","url":"https:\/\/gepacv.org\/wp-content\/uploads\/2020\/06\/Foto-3-scaled.jpg","contentUrl":"https:\/\/gepacv.org\/wp-content\/uploads\/2020\/06\/Foto-3-scaled.jpg","width":1200,"height":800},{"@type":"BreadcrumbList","@id":"https:\/\/gepacv.org\/vlc\/gepacv-assessora-a-lalcudia-en-una-nova-jornada-per-a-la-reincorporacion-progressiva-de-lactivitat-fisica-i-lesport-post-covid19\/#breadcrumb","itemListElement":[{"@type":"ListItem","position":1,"name":"Inicio","item":"https:\/\/gepacv.org\/vlc\/"},{"@type":"ListItem","position":2,"name":"GEPACV assessora a L\u00b4Alc\u00fadia en una nova jornada per a la &#8220;Reincorporaci\u00f3n progressiva de l&#8217;activitat f\u00edsica i l&#8217;esport post COVID19&#8221;"}]},{"@type":"WebSite","@id":"https:\/\/gepacv.org\/vlc\/#website","url":"https:\/\/gepacv.org\/vlc\/","name":"GEPACV","description":"Asociaci\u00f3n de Gestores Deportivos de la Comunidad Valenciana","publisher":{"@id":"https:\/\/gepacv.org\/vlc\/#organization"},"potentialAction":[{"@type":"SearchAction","target":{"@type":"EntryPoint","urlTemplate":"https:\/\/gepacv.org\/vlc\/?s={search_term_string}"},"query-input":{"@type":"PropertyValueSpecification","valueRequired":true,"valueName":"search_term_string"}}],"inLanguage":"val"},{"@type":"Organization","@id":"https:\/\/gepacv.org\/vlc\/#organization","name":"GEPACV","url":"https:\/\/gepacv.org\/vlc\/","logo":{"@type":"ImageObject","inLanguage":"val","@id":"https:\/\/gepacv.org\/vlc\/#\/schema\/logo\/image\/","url":"https:\/\/gepacv.org\/wp-content\/uploads\/2020\/05\/GEPACV_LOGOTIPO.png","contentUrl":"https:\/\/gepacv.org\/wp-content\/uploads\/2020\/05\/GEPACV_LOGOTIPO.png","width":500,"height":68,"caption":"GEPACV"},"image":{"@id":"https:\/\/gepacv.org\/vlc\/#\/schema\/logo\/image\/"}},{"@type":"Person","@id":"https:\/\/gepacv.org\/vlc\/#\/schema\/person\/9ac3852e7920f4fcaa9793f029983eb3","name":"GEPACV","image":{"@type":"ImageObject","inLanguage":"val","@id":"https:\/\/secure.gravatar.com\/avatar\/0d2e74b929739cda74066dd5f4b7dc8145e293e530adfcc32b407fcecb69675d?s=96&d=mm&r=g","url":"https:\/\/secure.gravatar.com\/avatar\/0d2e74b929739cda74066dd5f4b7dc8145e293e530adfcc32b407fcecb69675d?s=96&d=mm&r=g","contentUrl":"https:\/\/secure.gravatar.com\/avatar\/0d2e74b929739cda74066dd5f4b7dc8145e293e530adfcc32b407fcecb69675d?s=96&d=mm&r=g","caption":"GEPACV"},"sameAs":["https:\/\/www.facebook.com\/GEPACV","https:\/\/x.com\/gepacv"]}]}},"_links":{"self":[{"href":"https:\/\/gepacv.org\/vlc\/wp-json\/wp\/v2\/posts\/9988","targetHints":{"allow":["GET"]}}],"collection":[{"href":"https:\/\/gepacv.org\/vlc\/wp-json\/wp\/v2\/posts"}],"about":[{"href":"https:\/\/gepacv.org\/vlc\/wp-json\/wp\/v2\/types\/post"}],"author":[{"embeddable":true,"href":"https:\/\/gepacv.org\/vlc\/wp-json\/wp\/v2\/users\/231"}],"replies":[{"embeddable":true,"href":"https:\/\/gepacv.org\/vlc\/wp-json\/wp\/v2\/comments?post=9988"}],"version-history":[{"count":0,"href":"https:\/\/gepacv.org\/vlc\/wp-json\/wp\/v2\/posts\/9988\/revisions"}],"wp:featuredmedia":[{"embeddable":true,"href":"https:\/\/gepacv.org\/vlc\/wp-json\/wp\/v2\/media\/9975"}],"wp:attachment":[{"href":"https:\/\/gepacv.org\/vlc\/wp-json\/wp\/v2\/media?parent=9988"}],"wp:term":[{"taxonomy":"category","embeddable":true,"href":"https:\/\/gepacv.org\/vlc\/wp-json\/wp\/v2\/categories?post=9988"},{"taxonomy":"post_tag","embeddable":true,"href":"https:\/\/gepacv.org\/vlc\/wp-json\/wp\/v2\/tags?post=9988"}],"curies":[{"name":"wp","href":"https:\/\/api.w.org\/{rel}","templated":true}]}}